{"id":65600,"date":"2026-09-04T11:37:13","date_gmt":"2026-09-04T10:37:13","guid":{"rendered":"https:\/\/www.utrera.org\/?p=65600"},"modified":"2026-09-04T11:37:13","modified_gmt":"2026-09-04T10:37:13","slug":"visitas-guiadas-turismo-feria-utrera-2026","status":"publish","type":"post","link":"https:\/\/www.utrera.org\/en\/visitas-guiadas-turismo-feria-utrera-2026\/","title":{"rendered":"Turismo ofrece visitas guiadas gratuitas para descubrir la Feria de Nuestra Se\u00f1ora de Consolaci\u00f3n"},"content":{"rendered":"<p class=\"isSelectedEnd\">La delegaci\u00f3n de <strong>Turismo del Ayuntamiento de Utrera<\/strong> pondr\u00e1 en marcha durante la <strong>Feria y Fiestas de Nuestra Se\u00f1ora de Consolaci\u00f3n 2026<\/strong> una serie de iniciativas destinadas a acercar el <strong>patrimonio, la historia y las tradiciones de la ciudad<\/strong> tanto a los utreranos como a las numerosas personas que visitan Utrera durante estos d\u00edas.<\/p>\n<p class=\"isSelectedEnd\">Entre las principales propuestas se encuentra la <strong>visita guiada gratuita \u201cUtrera, un viaje por la Feria\u201d<\/strong>, que se desarrollar\u00e1 durante los cuatro d\u00edas de celebraci\u00f3n, <strong>5, 6, 7 y 8 de septiembre, a las 13:30 horas<\/strong>, ofreciendo a los participantes la oportunidad de conocer la Feria desde una perspectiva tur\u00edstica y descubrir algunos de los elementos que forman parte de su historia, sus tradiciones y su identidad.<\/p>\n<p class=\"isSelectedEnd\">La inscripci\u00f3n y salida de las visitas se realizar\u00e1 desde el <strong>Punto de Informaci\u00f3n Tur\u00edstica<\/strong>, situado delante de la Caseta Municipal. Las personas interesadas tambi\u00e9n podr\u00e1n realizar su inscripci\u00f3n previamente a trav\u00e9s del correo electr\u00f3nico <a href=\"mailto:oficinadeturismo@utrera.org\">oficinadeturismo@utrera.org<\/a> o llamando al tel\u00e9fono <strong>635 115 979<\/strong>.<\/p>\n<p class=\"isSelectedEnd\">La delegada de Turismo, <strong>Mar\u00eda Jos\u00e9 Garc\u00eda Arroyo<\/strong>, ha se\u00f1alado que \u201cla Feria de Consolaci\u00f3n es uno de nuestros grandes escaparates y una magn\u00edfica oportunidad para mostrar todo lo que Utrera tiene que ofrecer. Queremos que quienes nos visiten estos d\u00edas no solo disfruten de nuestra Feria, sino que tambi\u00e9n se acerquen a nuestra historia, nuestras tradiciones y nuestro patrimonio y se lleven una imagen completa de nuestra ciudad\u201d.<\/p>\n<h3 class=\"isSelectedEnd\"><strong>Punto de Informaci\u00f3n Tur\u00edstico durante toda la Feria<\/strong><\/h3>\n<p class=\"isSelectedEnd\">Adem\u00e1s de ser el punto de partida de las visitas guiadas, el <strong>Punto de Informaci\u00f3n Tur\u00edstico<\/strong> permanecer\u00e1 abierto todos los d\u00edas de Feria <strong>desde las 12:30 hasta las 00:30 horas<\/strong>, ofreciendo atenci\u00f3n tanto a los utreranos como a todas aquellas personas que lleguen a la ciudad con motivo de las fiestas.<\/p>\n<p class=\"isSelectedEnd\">En este espacio se facilitar\u00e1 toda la informaci\u00f3n necesaria para conocer y disfrutar de la programaci\u00f3n de la Feria, con <strong>planos del recinto, programaci\u00f3n, actuaciones, horarios y programas oficiales<\/strong>. Estos \u00faltimos tambi\u00e9n podr\u00e1n consultarse y descargarse mediante <strong>c\u00f3digo QR<\/strong>.<\/p>\n<p class=\"isSelectedEnd\">Asimismo, desde el Punto de Informaci\u00f3n se repartir\u00e1n <strong>pulseras con la imagen tur\u00edstica de Utrera y pegatinas<\/strong>, adem\u00e1s de ofrecer informaci\u00f3n sobre los <strong>principales recursos tur\u00edsticos de la ciudad<\/strong> y los lugares que pueden conocerse y visitarse durante la estancia en Utrera.<\/p>\n<p class=\"isSelectedEnd\">\u201cQueremos aprovechar la importante afluencia de visitantes que recibimos durante estos d\u00edas para <strong>promocionar Utrera como destino<\/strong> y animar a quienes vienen a nuestra Feria a descubrir tambi\u00e9n el resto de la ciudad\u201d, ha a\u00f1adido la delegada.<\/p>\n<h3 class=\"isSelectedEnd\"><strong>Utrera como destino tur\u00edstico<\/strong><\/h3>\n<p class=\"isSelectedEnd\">La promoci\u00f3n de la ciudad estar\u00e1 presente tambi\u00e9n en la pantalla de la Caseta Municipal, donde durante los d\u00edas de Feria se proyectar\u00e1n diferentes <strong>v\u00eddeos promocionales<\/strong> que muestran la diversidad de la <strong>oferta tur\u00edstica utrerana<\/strong>.<\/p>\n<p>Entre ellos se encuentran <strong>\u201cBajo los cielos de Utrera\u201d, \u201cLas cuatro estaciones en Utrera\u201d, \u201cUtrera, un viaje de ARTE\u201d y \u201cUtrera, un lugar por descubrir\u201d<\/strong>, producciones que permitir\u00e1n acercarse a diferentes aspectos del <strong>patrimonio, la cultura, el paisaje y los atractivos tur\u00edsticos del municipio<\/strong>.<\/p>","protected":false},"excerpt":{"rendered":"<p>La delegaci\u00f3n de Turismo del Ayuntamiento de Utrera pondr\u00e1 en marcha durante la Feria y Fiestas de Nuestra Se\u00f1ora de Consolaci\u00f3n 2026 una serie de iniciativas destinadas a acercar el patrimonio, la historia y las tradiciones de la ciudad tanto a los utreranos como a las numerosas personas que visitan Utrera durante estos d\u00edas. Entre [&hellip;]<\/p>\n","protected":false},"author":15,"featured_media":65601,"comment_status":"closed","ping_status":"closed","sticky":false,"template":"","format":"standard","meta":{"_et_pb_use_builder":"","_et_pb_old_content":"","_et_gb_content_width":"","footnotes":""},"categories":[1],"tags":[],"class_list":["post-65600","post","type-post","status-publish","format-standard","has-post-thumbnail","hentry","category-noticias-municipales","et-has-post-format-content","et_post_format-et-post-format-standard"],"yoast_head":"<!-- This site is optimized with the Yoast SEO plugin v28.1 - https:\/\/yoast.com\/product\/yoast-seo-wordpress\/ -->\n<title>Turismo ofrece visitas guiadas gratuitas durante la Feria 2026<\/title>\n<meta name=\"description\" content=\"Utrera ofrece visitas guiadas gratuitas y un Punto de Informaci\u00f3n Tur\u00edstica durante la Feria de Consolaci\u00f3n 2026.\" \/>\n<meta name=\"robots\" content=\"index, follow, max-snippet:-1, max-image-preview:large, max-video-preview:-1\" \/>\n<link rel=\"canonical\" href=\"https:\/\/www.utrera.org\/en\/visitas-guiadas-turismo-feria-utrera-2026\/\" \/>\n<meta property=\"og:locale\" content=\"en_GB\" \/>\n<meta property=\"og:type\" content=\"article\" \/>\n<meta property=\"og:title\" content=\"Turismo ofrece visitas guiadas gratuitas durante la Feria 2026\" \/>\n<meta property=\"og:description\" content=\"Utrera ofrece visitas guiadas gratuitas y un Punto de Informaci\u00f3n Tur\u00edstica durante la Feria de Consolaci\u00f3n 2026.\" \/>\n<meta property=\"og:url\" content=\"https:\/\/www.utrera.org\/en\/visitas-guiadas-turismo-feria-utrera-2026\/\" \/>\n<meta property=\"og:site_name\" content=\"Ayuntamiento de Utrera\" \/>\n<meta property=\"article:publisher\" content=\"https:\/\/www.facebook.com\/AyuntamientodeUtrera\/\" \/>\n<meta property=\"article:published_time\" content=\"2026-09-04T10:37:13+00:00\" \/>\n<meta property=\"og:image\" content=\"https:\/\/www.utrera.org\/wp-content\/uploads\/2026\/09\/punto-informacion-turistico.jpeg\" \/>\n\t<meta property=\"og:image:width\" content=\"1600\" \/>\n\t<meta property=\"og:image:height\" content=\"1200\" \/>\n\t<meta property=\"og:image:type\" content=\"image\/jpeg\" \/>\n<meta name=\"author\" content=\"Ayuntamiento de Utrera\" \/>\n<meta name=\"twitter:card\" content=\"summary_large_image\" \/>\n<meta name=\"twitter:creator\" content=\"@CiudadUtrera\" \/>\n<meta name=\"twitter:site\" content=\"@CiudadUtrera\" \/>\n<meta name=\"twitter:label1\" content=\"Written by\" \/>\n\t<meta name=\"twitter:data1\" content=\"Ayuntamiento de Utrera\" \/>\n\t<meta name=\"twitter:label2\" content=\"Est. reading time\" \/>\n\t<meta name=\"twitter:data2\" content=\"3 minutes\" \/>\n<script type=\"application\/ld+json\" class=\"yoast-schema-graph\">{\"@context\":\"https:\\\/\\\/schema.org\",\"@graph\":[{\"@type\":\"Article\",\"@id\":\"https:\\\/\\\/www.utrera.org\\\/visitas-guiadas-turismo-feria-utrera-2026\\\/#article\",\"isPartOf\":{\"@id\":\"https:\\\/\\\/www.utrera.org\\\/visitas-guiadas-turismo-feria-utrera-2026\\\/\"},\"author\":{\"name\":\"Ayuntamiento de Utrera\",\"@id\":\"https:\\\/\\\/www.utrera.org\\\/#\\\/schema\\\/person\\\/e0aad5103777e9e4ce3f8a5100195eef\"},\"headline\":\"Turismo ofrece visitas guiadas gratuitas para descubrir la Feria de Nuestra Se\u00f1ora de Consolaci\u00f3n\",\"datePublished\":\"2026-09-04T10:37:13+00:00\",\"mainEntityOfPage\":{\"@id\":\"https:\\\/\\\/www.utrera.org\\\/visitas-guiadas-turismo-feria-utrera-2026\\\/\"},\"wordCount\":554,\"image\":{\"@id\":\"https:\\\/\\\/www.utrera.org\\\/visitas-guiadas-turismo-feria-utrera-2026\\\/#primaryimage\"},\"thumbnailUrl\":\"https:\\\/\\\/www.utrera.org\\\/wp-content\\\/uploads\\\/2026\\\/09\\\/punto-informacion-turistico.jpeg\",\"articleSection\":[\"\u200eNoticias Municipales\"],\"inLanguage\":\"en-GB\"},{\"@type\":\"WebPage\",\"@id\":\"https:\\\/\\\/www.utrera.org\\\/visitas-guiadas-turismo-feria-utrera-2026\\\/\",\"url\":\"https:\\\/\\\/www.utrera.org\\\/visitas-guiadas-turismo-feria-utrera-2026\\\/\",\"name\":\"Turismo ofrece visitas guiadas gratuitas durante la Feria 2026\",\"isPartOf\":{\"@id\":\"https:\\\/\\\/www.utrera.org\\\/#website\"},\"primaryImageOfPage\":{\"@id\":\"https:\\\/\\\/www.utrera.org\\\/visitas-guiadas-turismo-feria-utrera-2026\\\/#primaryimage\"},\"image\":{\"@id\":\"https:\\\/\\\/www.utrera.org\\\/visitas-guiadas-turismo-feria-utrera-2026\\\/#primaryimage\"},\"thumbnailUrl\":\"https:\\\/\\\/www.utrera.org\\\/wp-content\\\/uploads\\\/2026\\\/09\\\/punto-informacion-turistico.jpeg\",\"datePublished\":\"2026-09-04T10:37:13+00:00\",\"author\":{\"@id\":\"https:\\\/\\\/www.utrera.org\\\/#\\\/schema\\\/person\\\/e0aad5103777e9e4ce3f8a5100195eef\"},\"description\":\"Utrera ofrece visitas guiadas gratuitas y un Punto de Informaci\u00f3n Tur\u00edstica durante la Feria de Consolaci\u00f3n 2026.\",\"breadcrumb\":{\"@id\":\"https:\\\/\\\/www.utrera.org\\\/visitas-guiadas-turismo-feria-utrera-2026\\\/#breadcrumb\"},\"inLanguage\":\"en-GB\",\"potentialAction\":[{\"@type\":\"ReadAction\",\"target\":[\"https:\\\/\\\/www.utrera.org\\\/visitas-guiadas-turismo-feria-utrera-2026\\\/\"]}]},{\"@type\":\"ImageObject\",\"inLanguage\":\"en-GB\",\"@id\":\"https:\\\/\\\/www.utrera.org\\\/visitas-guiadas-turismo-feria-utrera-2026\\\/#primaryimage\",\"url\":\"https:\\\/\\\/www.utrera.org\\\/wp-content\\\/uploads\\\/2026\\\/09\\\/punto-informacion-turistico.jpeg\",\"contentUrl\":\"https:\\\/\\\/www.utrera.org\\\/wp-content\\\/uploads\\\/2026\\\/09\\\/punto-informacion-turistico.jpeg\",\"width\":1600,\"height\":1200,\"caption\":\"Visitas guiadas y Punto de Informaci\u00f3n Tur\u00edstica en la Feria de Utrera 2026\"},{\"@type\":\"BreadcrumbList\",\"@id\":\"https:\\\/\\\/www.utrera.org\\\/visitas-guiadas-turismo-feria-utrera-2026\\\/#breadcrumb\",\"itemListElement\":[{\"@type\":\"ListItem\",\"position\":1,\"name\":\"Inicio\",\"item\":\"https:\\\/\\\/www.utrera.org\\\/\"},{\"@type\":\"ListItem\",\"position\":2,\"name\":\"Turismo ofrece visitas guiadas gratuitas para descubrir la Feria de Nuestra Se\u00f1ora de Consolaci\u00f3n\"}]},{\"@type\":\"WebSite\",\"@id\":\"https:\\\/\\\/www.utrera.org\\\/#website\",\"url\":\"https:\\\/\\\/www.utrera.org\\\/\",\"name\":\"Ayuntamiento de Utrera\",\"description\":\"Web Municipal del Ayuntamiento de Utrera\",\"potentialAction\":[{\"@type\":\"SearchAction\",\"target\":{\"@type\":\"EntryPoint\",\"urlTemplate\":\"https:\\\/\\\/www.utrera.org\\\/?s={search_term_string}\"},\"query-input\":{\"@type\":\"PropertyValueSpecification\",\"valueRequired\":true,\"valueName\":\"search_term_string\"}}],\"inLanguage\":\"en-GB\"},{\"@type\":\"Person\",\"@id\":\"https:\\\/\\\/www.utrera.org\\\/#\\\/schema\\\/person\\\/e0aad5103777e9e4ce3f8a5100195eef\",\"name\":\"Ayuntamiento de Utrera\",\"image\":{\"@type\":\"ImageObject\",\"inLanguage\":\"en-GB\",\"@id\":\"https:\\\/\\\/secure.gravatar.com\\\/avatar\\\/85809c2d573a4a5a96cf61e736896a265a4d893602fcc49f190240eb2e8e010d?s=96&d=mm&r=g\",\"url\":\"https:\\\/\\\/secure.gravatar.com\\\/avatar\\\/85809c2d573a4a5a96cf61e736896a265a4d893602fcc49f190240eb2e8e010d?s=96&d=mm&r=g\",\"contentUrl\":\"https:\\\/\\\/secure.gravatar.com\\\/avatar\\\/85809c2d573a4a5a96cf61e736896a265a4d893602fcc49f190240eb2e8e010d?s=96&d=mm&r=g\",\"caption\":\"Ayuntamiento de Utrera\"},\"url\":\"https:\\\/\\\/www.utrera.org\\\/en\\\/author\\\/amontielvillena\\\/\"}]}<\/script>\n<!-- \/ Yoast SEO plugin. -->","yoast_head_json":{"title":"Turismo ofrece visitas guiadas gratuitas durante la Feria 2026","description":"Utrera ofrece visitas guiadas gratuitas y un Punto de Informaci\u00f3n Tur\u00edstica durante la Feria de Consolaci\u00f3n 2026.","robots":{"index":"index","follow":"follow","max-snippet":"max-snippet:-1","max-image-preview":"max-image-preview:large","max-video-preview":"max-video-preview:-1"},"canonical":"https:\/\/www.utrera.org\/en\/visitas-guiadas-turismo-feria-utrera-2026\/","og_locale":"en_GB","og_type":"article","og_title":"Turismo ofrece visitas guiadas gratuitas durante la Feria 2026","og_description":"Utrera ofrece visitas guiadas gratuitas y un Punto de Informaci\u00f3n Tur\u00edstica durante la Feria de Consolaci\u00f3n 2026.","og_url":"https:\/\/www.utrera.org\/en\/visitas-guiadas-turismo-feria-utrera-2026\/","og_site_name":"Ayuntamiento de Utrera","article_publisher":"https:\/\/www.facebook.com\/AyuntamientodeUtrera\/","article_published_time":"2026-09-04T10:37:13+00:00","og_image":[{"width":1600,"height":1200,"url":"https:\/\/www.utrera.org\/wp-content\/uploads\/2026\/09\/punto-informacion-turistico.jpeg","type":"image\/jpeg"}],"author":"Ayuntamiento de Utrera","twitter_card":"summary_large_image","twitter_creator":"@CiudadUtrera","twitter_site":"@CiudadUtrera","twitter_misc":{"Written by":"Ayuntamiento de Utrera","Est. reading time":"3 minutes"},"schema":{"@context":"https:\/\/schema.org","@graph":[{"@type":"Article","@id":"https:\/\/www.utrera.org\/visitas-guiadas-turismo-feria-utrera-2026\/#article","isPartOf":{"@id":"https:\/\/www.utrera.org\/visitas-guiadas-turismo-feria-utrera-2026\/"},"author":{"name":"Ayuntamiento de Utrera","@id":"https:\/\/www.utrera.org\/#\/schema\/person\/e0aad5103777e9e4ce3f8a5100195eef"},"headline":"Turismo ofrece visitas guiadas gratuitas para descubrir la Feria de Nuestra Se\u00f1ora de Consolaci\u00f3n","datePublished":"2026-09-04T10:37:13+00:00","mainEntityOfPage":{"@id":"https:\/\/www.utrera.org\/visitas-guiadas-turismo-feria-utrera-2026\/"},"wordCount":554,"image":{"@id":"https:\/\/www.utrera.org\/visitas-guiadas-turismo-feria-utrera-2026\/#primaryimage"},"thumbnailUrl":"https:\/\/www.utrera.org\/wp-content\/uploads\/2026\/09\/punto-informacion-turistico.jpeg","articleSection":["\u200eNoticias Municipales"],"inLanguage":"en-GB"},{"@type":"WebPage","@id":"https:\/\/www.utrera.org\/visitas-guiadas-turismo-feria-utrera-2026\/","url":"https:\/\/www.utrera.org\/visitas-guiadas-turismo-feria-utrera-2026\/","name":"Turismo ofrece visitas guiadas gratuitas durante la Feria 2026","isPartOf":{"@id":"https:\/\/www.utrera.org\/#website"},"primaryImageOfPage":{"@id":"https:\/\/www.utrera.org\/visitas-guiadas-turismo-feria-utrera-2026\/#primaryimage"},"image":{"@id":"https:\/\/www.utrera.org\/visitas-guiadas-turismo-feria-utrera-2026\/#primaryimage"},"thumbnailUrl":"https:\/\/www.utrera.org\/wp-content\/uploads\/2026\/09\/punto-informacion-turistico.jpeg","datePublished":"2026-09-04T10:37:13+00:00","author":{"@id":"https:\/\/www.utrera.org\/#\/schema\/person\/e0aad5103777e9e4ce3f8a5100195eef"},"description":"Utrera ofrece visitas guiadas gratuitas y un Punto de Informaci\u00f3n Tur\u00edstica durante la Feria de Consolaci\u00f3n 2026.","breadcrumb":{"@id":"https:\/\/www.utrera.org\/visitas-guiadas-turismo-feria-utrera-2026\/#breadcrumb"},"inLanguage":"en-GB","potentialAction":[{"@type":"ReadAction","target":["https:\/\/www.utrera.org\/visitas-guiadas-turismo-feria-utrera-2026\/"]}]},{"@type":"ImageObject","inLanguage":"en-GB","@id":"https:\/\/www.utrera.org\/visitas-guiadas-turismo-feria-utrera-2026\/#primaryimage","url":"https:\/\/www.utrera.org\/wp-content\/uploads\/2026\/09\/punto-informacion-turistico.jpeg","contentUrl":"https:\/\/www.utrera.org\/wp-content\/uploads\/2026\/09\/punto-informacion-turistico.jpeg","width":1600,"height":1200,"caption":"Visitas guiadas y Punto de Informaci\u00f3n Tur\u00edstica en la Feria de Utrera 2026"},{"@type":"BreadcrumbList","@id":"https:\/\/www.utrera.org\/visitas-guiadas-turismo-feria-utrera-2026\/#breadcrumb","itemListElement":[{"@type":"ListItem","position":1,"name":"Inicio","item":"https:\/\/www.utrera.org\/"},{"@type":"ListItem","position":2,"name":"Turismo ofrece visitas guiadas gratuitas para descubrir la Feria de Nuestra Se\u00f1ora de Consolaci\u00f3n"}]},{"@type":"WebSite","@id":"https:\/\/www.utrera.org\/#website","url":"https:\/\/www.utrera.org\/","name":"City Council of Utrera","description":"Web Municipal del Ayuntamiento de Utrera","potentialAction":[{"@type":"SearchAction","target":{"@type":"EntryPoint","urlTemplate":"https:\/\/www.utrera.org\/?s={search_term_string}"},"query-input":{"@type":"PropertyValueSpecification","valueRequired":true,"valueName":"search_term_string"}}],"inLanguage":"en-GB"},{"@type":"Person","@id":"https:\/\/www.utrera.org\/#\/schema\/person\/e0aad5103777e9e4ce3f8a5100195eef","name":"City Council of Utrera","image":{"@type":"ImageObject","inLanguage":"en-GB","@id":"https:\/\/secure.gravatar.com\/avatar\/85809c2d573a4a5a96cf61e736896a265a4d893602fcc49f190240eb2e8e010d?s=96&d=mm&r=g","url":"https:\/\/secure.gravatar.com\/avatar\/85809c2d573a4a5a96cf61e736896a265a4d893602fcc49f190240eb2e8e010d?s=96&d=mm&r=g","contentUrl":"https:\/\/secure.gravatar.com\/avatar\/85809c2d573a4a5a96cf61e736896a265a4d893602fcc49f190240eb2e8e010d?s=96&d=mm&r=g","caption":"Ayuntamiento de Utrera"},"url":"https:\/\/www.utrera.org\/en\/author\/amontielvillena\/"}]}},"_links":{"self":[{"href":"https:\/\/www.utrera.org\/en\/wp-json\/wp\/v2\/posts\/65600","targetHints":{"allow":["GET"]}}],"collection":[{"href":"https:\/\/www.utrera.org\/en\/wp-json\/wp\/v2\/posts"}],"about":[{"href":"https:\/\/www.utrera.org\/en\/wp-json\/wp\/v2\/types\/post"}],"author":[{"embeddable":true,"href":"https:\/\/www.utrera.org\/en\/wp-json\/wp\/v2\/users\/15"}],"replies":[{"embeddable":true,"href":"https:\/\/www.utrera.org\/en\/wp-json\/wp\/v2\/comments?post=65600"}],"version-history":[{"count":1,"href":"https:\/\/www.utrera.org\/en\/wp-json\/wp\/v2\/posts\/65600\/revisions"}],"predecessor-version":[{"id":65602,"href":"https:\/\/www.utrera.org\/en\/wp-json\/wp\/v2\/posts\/65600\/revisions\/65602"}],"wp:featuredmedia":[{"embeddable":true,"href":"https:\/\/www.utrera.org\/en\/wp-json\/wp\/v2\/media\/65601"}],"wp:attachment":[{"href":"https:\/\/www.utrera.org\/en\/wp-json\/wp\/v2\/media?parent=65600"}],"wp:term":[{"taxonomy":"category","embeddable":true,"href":"https:\/\/www.utrera.org\/en\/wp-json\/wp\/v2\/categories?post=65600"},{"taxonomy":"post_tag","embeddable":true,"href":"https:\/\/www.utrera.org\/en\/wp-json\/wp\/v2\/tags?post=65600"}],"curies":[{"name":"wp","href":"https:\/\/api.w.org\/{rel}","templated":true}]}}