{"id":65597,"date":"2026-09-04T11:34:03","date_gmt":"2026-09-04T10:34:03","guid":{"rendered":"https:\/\/www.utrera.org\/?p=65597"},"modified":"2026-09-04T11:34:03","modified_gmt":"2026-09-04T10:34:03","slug":"limpieza-recogida-residuos-feria-utrera-2026","status":"publish","type":"post","link":"https:\/\/www.utrera.org\/en\/limpieza-recogida-residuos-feria-utrera-2026\/","title":{"rendered":"Limpieza refuerza el dispositivo especial de la Feria de Consolaci\u00f3n con nuevos contenedores, papeleras y servicios extraordinarios"},"content":{"rendered":"<p class=\"isSelectedEnd\">La delegaci\u00f3n de <strong>Limpieza Viaria y Recogida de Residuos del Ayuntamiento de Utrera<\/strong>, despliega durante la <strong>Feria y Fiestas de Nuestra Se\u00f1ora de Consolaci\u00f3n 2026<\/strong> un <strong>dispositivo especial de limpieza y recogida de residuos<\/strong> en el recinto ferial y todo su entorno, reforzando tanto los <strong>medios humanos como materiales<\/strong> durante los d\u00edas de mayor afluencia.<\/p>\n<p class=\"isSelectedEnd\">Un dispositivo que comienza a desarrollarse varias semanas antes de la Feria, con el objetivo de preparar todos los servicios necesarios para su celebraci\u00f3n y dar respuesta tambi\u00e9n a las diversas actividades que tienen lugar durante la preferia en distintos puntos de la ciudad, entre ellas conciertos, competiciones deportivas, actos religiosos y otras citas que requieren <strong>servicios extraordinarios de limpieza y recogida de residuos<\/strong>.<\/p>\n<p class=\"isSelectedEnd\">De cara a la Feria de este a\u00f1o, la delegaci\u00f3n ha reforzado los medios disponibles con la incorporaci\u00f3n de <strong>nuevos contenedores<\/strong> ubicados en puntos estrat\u00e9gicos del recinto, tanto para la <strong>recogida selectiva como para el vidrio<\/strong>. Asimismo, se han instalado nuevos contenedores de carga trasera y se han adquirido y colocado <strong>alrededor de 40 nuevas papeleras<\/strong>, que se han distribuido por el recinto ferial y las zonas aleda\u00f1as.<\/p>\n<p class=\"isSelectedEnd\">A este incremento de los medios materiales se suma un importante <strong>refuerzo de personal y veh\u00edculos<\/strong> durante todos los d\u00edas de celebraci\u00f3n, con servicios extraordinarios de limpieza viaria y recogida de residuos, <strong>baldeo del recinto y su entorno<\/strong>, as\u00ed como labores de apoyo para la retirada de alimentos que puedan ser intervenidos durante la Feria.<\/p>\n<h3 class=\"isSelectedEnd\"><strong>Campa\u00f1a de concienciaci\u00f3n y colaboraci\u00f3n con los caseteros<\/strong><\/h3>\n<p class=\"isSelectedEnd\">Como parte de la preparaci\u00f3n del dispositivo, la delegaci\u00f3n de Limpieza y Recogida de Residuos ha llevado a cabo durante las semanas previas <strong>acciones de informaci\u00f3n y concienciaci\u00f3n dirigidas especialmente a los responsables de las casetas<\/strong>, con el objetivo de facilitar la correcta gesti\u00f3n de los residuos generados durante estos d\u00edas y mejorar la coordinaci\u00f3n con los servicios municipales de recogida.<\/p>\n<p class=\"isSelectedEnd\">A trav\u00e9s de estas acciones se han trasladado a los caseteros las indicaciones necesarias sobre <strong>horarios, separaci\u00f3n y dep\u00f3sito de los residuos<\/strong>, insistiendo especialmente en la importancia de respetar las franjas establecidas para evitar la acumulaci\u00f3n de bolsas en la v\u00eda p\u00fablica y facilitar el trabajo de los equipos.<\/p>\n<p class=\"isSelectedEnd\">En este sentido, durante la Feria las bolsas de basura deber\u00e1n depositarse debidamente cerradas al borde de la calzada <strong>entre las 7:00 y las 9:00 horas y entre las 19:30 y las 21:30 horas<\/strong>. En el caso del vidrio, el horario establecido para su recogida ser\u00e1 <strong>de 6:00 a 10:00 horas<\/strong>.<\/p>\n<p class=\"isSelectedEnd\">\u201cLa colaboraci\u00f3n de los caseteros y establecimientos del recinto resulta fundamental para que los servicios puedan desarrollar las distintas rutas de forma ordenada y garantizar unas condiciones adecuadas de limpieza durante toda la celebraci\u00f3n\u201d, explica el delegado de Limpieza Viaria y Recogida de R.S.U., <strong>F\u00e9lix G\u00f3mez<\/strong>.<\/p>\n<h3 class=\"isSelectedEnd\"><strong>El recinto, preparado cada d\u00eda antes de las 12:00 horas<\/strong><\/h3>\n<p class=\"isSelectedEnd\">Cada jornada, los equipos de limpieza comienzan a trabajar desde primera hora de la ma\u00f1ana con el objetivo de que <strong>a las 12:00 horas el recinto ferial vuelva a encontrarse limpio y preparado<\/strong> para afrontar un nuevo d\u00eda de Feria.<\/p>\n<p class=\"isSelectedEnd\">Igualmente, una vez finalizado el paseo de caballos y producido su desalojo, los servicios municipales act\u00faan de manera \u00e1gil y coordinada con las Fuerzas y Cuerpos de Seguridad para proceder a la <strong>limpieza de las calles del recinto<\/strong> y permitir que la actividad contin\u00fae con normalidad.<\/p>\n<p class=\"isSelectedEnd\">Todo este despliegue extraordinario se desarrolla sin dejar de prestar los <strong>servicios habituales en el resto de Utrera<\/strong>. De esta forma, durante los d\u00edas de Feria se mantiene la limpieza ordinaria de la ciudad y contin\u00faa tambi\u00e9n la <strong>apertura y funcionamiento del Punto Limpio<\/strong>.<\/p>\n<p class=\"isSelectedEnd\">El delegado ha querido agradecer a todos los trabajadores implicados recordando que, \u201cdetr\u00e1s de este dispositivo existe un importante trabajo de planificaci\u00f3n y el esfuerzo diario de numerosos profesionales para conseguir que cada jornada el recinto vuelva a encontrarse en las mejores condiciones\u201d.<\/p>\n<p>Asimismo, se hace un llamamiento a la <strong>colaboraci\u00f3n ciudadana<\/strong>, recordando que <strong>mantener limpia la Feria es una responsabilidad compartida<\/strong> y que peque\u00f1os gestos como utilizar las papeleras y contenedores, separar correctamente los residuos y respetar los horarios establecidos para su dep\u00f3sito contribuyen directamente al buen funcionamiento del dispositivo.<\/p>","protected":false},"excerpt":{"rendered":"<p>La delegaci\u00f3n de Limpieza Viaria y Recogida de Residuos del Ayuntamiento de Utrera, despliega durante la Feria y Fiestas de Nuestra Se\u00f1ora de Consolaci\u00f3n 2026 un dispositivo especial de limpieza y recogida de residuos en el recinto ferial y todo su entorno, reforzando tanto los medios humanos como materiales durante los d\u00edas de mayor afluencia. [&hellip;]<\/p>\n","protected":false},"author":15,"featured_media":65598,"comment_status":"closed","ping_status":"closed","sticky":false,"template":"","format":"standard","meta":{"_et_pb_use_builder":"","_et_pb_old_content":"","_et_gb_content_width":"","footnotes":""},"categories":[1],"tags":[],"class_list":["post-65597","post","type-post","status-publish","format-standard","has-post-thumbnail","hentry","category-noticias-municipales","et-has-post-format-content","et_post_format-et-post-format-standard"],"yoast_head":"<!-- This site is optimized with the Yoast SEO plugin v28.1 - https:\/\/yoast.com\/product\/yoast-seo-wordpress\/ -->\n<title>Utrera refuerza la limpieza y recogida de residuos durante la Feria 2026<\/title>\n<meta name=\"description\" content=\"Utrera despliega un dispositivo especial de limpieza y recogida de residuos durante la Feria de Consolaci\u00f3n 2026, con m\u00e1s medios y personal.\" \/>\n<meta name=\"robots\" content=\"index, follow, max-snippet:-1, max-image-preview:large, max-video-preview:-1\" \/>\n<link rel=\"canonical\" href=\"https:\/\/www.utrera.org\/en\/limpieza-recogida-residuos-feria-utrera-2026\/\" \/>\n<meta property=\"og:locale\" content=\"en_GB\" \/>\n<meta property=\"og:type\" content=\"article\" \/>\n<meta property=\"og:title\" content=\"Utrera refuerza la limpieza y recogida de residuos durante la Feria 2026\" \/>\n<meta property=\"og:description\" content=\"Utrera despliega un dispositivo especial de limpieza y recogida de residuos durante la Feria de Consolaci\u00f3n 2026, con m\u00e1s medios y personal.\" \/>\n<meta property=\"og:url\" content=\"https:\/\/www.utrera.org\/en\/limpieza-recogida-residuos-feria-utrera-2026\/\" \/>\n<meta property=\"og:site_name\" content=\"Ayuntamiento de Utrera\" \/>\n<meta property=\"article:publisher\" content=\"https:\/\/www.facebook.com\/AyuntamientodeUtrera\/\" \/>\n<meta property=\"article:published_time\" content=\"2026-09-04T10:34:03+00:00\" \/>\n<meta property=\"og:image\" content=\"https:\/\/www.utrera.org\/wp-content\/uploads\/2026\/09\/feria-limpieza.jpeg\" \/>\n\t<meta property=\"og:image:width\" content=\"1600\" \/>\n\t<meta property=\"og:image:height\" content=\"1200\" \/>\n\t<meta property=\"og:image:type\" content=\"image\/jpeg\" \/>\n<meta name=\"author\" content=\"Ayuntamiento de Utrera\" \/>\n<meta name=\"twitter:card\" content=\"summary_large_image\" \/>\n<meta name=\"twitter:creator\" content=\"@CiudadUtrera\" \/>\n<meta name=\"twitter:site\" content=\"@CiudadUtrera\" \/>\n<meta name=\"twitter:label1\" content=\"Written by\" \/>\n\t<meta name=\"twitter:data1\" content=\"Ayuntamiento de Utrera\" \/>\n\t<meta name=\"twitter:label2\" content=\"Est. reading time\" \/>\n\t<meta name=\"twitter:data2\" content=\"4 minutes\" \/>\n<script type=\"application\/ld+json\" class=\"yoast-schema-graph\">{\"@context\":\"https:\\\/\\\/schema.org\",\"@graph\":[{\"@type\":\"Article\",\"@id\":\"https:\\\/\\\/www.utrera.org\\\/limpieza-recogida-residuos-feria-utrera-2026\\\/#article\",\"isPartOf\":{\"@id\":\"https:\\\/\\\/www.utrera.org\\\/limpieza-recogida-residuos-feria-utrera-2026\\\/\"},\"author\":{\"name\":\"Ayuntamiento de Utrera\",\"@id\":\"https:\\\/\\\/www.utrera.org\\\/#\\\/schema\\\/person\\\/e0aad5103777e9e4ce3f8a5100195eef\"},\"headline\":\"Limpieza refuerza el dispositivo especial de la Feria de Consolaci\u00f3n con nuevos contenedores, papeleras y servicios extraordinarios\",\"datePublished\":\"2026-09-04T10:34:03+00:00\",\"mainEntityOfPage\":{\"@id\":\"https:\\\/\\\/www.utrera.org\\\/limpieza-recogida-residuos-feria-utrera-2026\\\/\"},\"wordCount\":746,\"image\":{\"@id\":\"https:\\\/\\\/www.utrera.org\\\/limpieza-recogida-residuos-feria-utrera-2026\\\/#primaryimage\"},\"thumbnailUrl\":\"https:\\\/\\\/www.utrera.org\\\/wp-content\\\/uploads\\\/2026\\\/09\\\/feria-limpieza.jpeg\",\"articleSection\":[\"\u200eNoticias Municipales\"],\"inLanguage\":\"en-GB\"},{\"@type\":\"WebPage\",\"@id\":\"https:\\\/\\\/www.utrera.org\\\/limpieza-recogida-residuos-feria-utrera-2026\\\/\",\"url\":\"https:\\\/\\\/www.utrera.org\\\/limpieza-recogida-residuos-feria-utrera-2026\\\/\",\"name\":\"Utrera refuerza la limpieza y recogida de residuos durante la Feria 2026\",\"isPartOf\":{\"@id\":\"https:\\\/\\\/www.utrera.org\\\/#website\"},\"primaryImageOfPage\":{\"@id\":\"https:\\\/\\\/www.utrera.org\\\/limpieza-recogida-residuos-feria-utrera-2026\\\/#primaryimage\"},\"image\":{\"@id\":\"https:\\\/\\\/www.utrera.org\\\/limpieza-recogida-residuos-feria-utrera-2026\\\/#primaryimage\"},\"thumbnailUrl\":\"https:\\\/\\\/www.utrera.org\\\/wp-content\\\/uploads\\\/2026\\\/09\\\/feria-limpieza.jpeg\",\"datePublished\":\"2026-09-04T10:34:03+00:00\",\"author\":{\"@id\":\"https:\\\/\\\/www.utrera.org\\\/#\\\/schema\\\/person\\\/e0aad5103777e9e4ce3f8a5100195eef\"},\"description\":\"Utrera despliega un dispositivo especial de limpieza y recogida de residuos durante la Feria de Consolaci\u00f3n 2026, con m\u00e1s medios y personal.\",\"breadcrumb\":{\"@id\":\"https:\\\/\\\/www.utrera.org\\\/limpieza-recogida-residuos-feria-utrera-2026\\\/#breadcrumb\"},\"inLanguage\":\"en-GB\",\"potentialAction\":[{\"@type\":\"ReadAction\",\"target\":[\"https:\\\/\\\/www.utrera.org\\\/limpieza-recogida-residuos-feria-utrera-2026\\\/\"]}]},{\"@type\":\"ImageObject\",\"inLanguage\":\"en-GB\",\"@id\":\"https:\\\/\\\/www.utrera.org\\\/limpieza-recogida-residuos-feria-utrera-2026\\\/#primaryimage\",\"url\":\"https:\\\/\\\/www.utrera.org\\\/wp-content\\\/uploads\\\/2026\\\/09\\\/feria-limpieza.jpeg\",\"contentUrl\":\"https:\\\/\\\/www.utrera.org\\\/wp-content\\\/uploads\\\/2026\\\/09\\\/feria-limpieza.jpeg\",\"width\":1600,\"height\":1200,\"caption\":\"Dispositivo especial de limpieza y recogida de residuos en la Feria de Utrera 2026\"},{\"@type\":\"BreadcrumbList\",\"@id\":\"https:\\\/\\\/www.utrera.org\\\/limpieza-recogida-residuos-feria-utrera-2026\\\/#breadcrumb\",\"itemListElement\":[{\"@type\":\"ListItem\",\"position\":1,\"name\":\"Inicio\",\"item\":\"https:\\\/\\\/www.utrera.org\\\/\"},{\"@type\":\"ListItem\",\"position\":2,\"name\":\"Limpieza refuerza el dispositivo especial de la Feria de Consolaci\u00f3n con nuevos contenedores, papeleras y servicios extraordinarios\"}]},{\"@type\":\"WebSite\",\"@id\":\"https:\\\/\\\/www.utrera.org\\\/#website\",\"url\":\"https:\\\/\\\/www.utrera.org\\\/\",\"name\":\"Ayuntamiento de Utrera\",\"description\":\"Web Municipal del Ayuntamiento de Utrera\",\"potentialAction\":[{\"@type\":\"SearchAction\",\"target\":{\"@type\":\"EntryPoint\",\"urlTemplate\":\"https:\\\/\\\/www.utrera.org\\\/?s={search_term_string}\"},\"query-input\":{\"@type\":\"PropertyValueSpecification\",\"valueRequired\":true,\"valueName\":\"search_term_string\"}}],\"inLanguage\":\"en-GB\"},{\"@type\":\"Person\",\"@id\":\"https:\\\/\\\/www.utrera.org\\\/#\\\/schema\\\/person\\\/e0aad5103777e9e4ce3f8a5100195eef\",\"name\":\"Ayuntamiento de Utrera\",\"image\":{\"@type\":\"ImageObject\",\"inLanguage\":\"en-GB\",\"@id\":\"https:\\\/\\\/secure.gravatar.com\\\/avatar\\\/85809c2d573a4a5a96cf61e736896a265a4d893602fcc49f190240eb2e8e010d?s=96&d=mm&r=g\",\"url\":\"https:\\\/\\\/secure.gravatar.com\\\/avatar\\\/85809c2d573a4a5a96cf61e736896a265a4d893602fcc49f190240eb2e8e010d?s=96&d=mm&r=g\",\"contentUrl\":\"https:\\\/\\\/secure.gravatar.com\\\/avatar\\\/85809c2d573a4a5a96cf61e736896a265a4d893602fcc49f190240eb2e8e010d?s=96&d=mm&r=g\",\"caption\":\"Ayuntamiento de Utrera\"},\"url\":\"https:\\\/\\\/www.utrera.org\\\/en\\\/author\\\/amontielvillena\\\/\"}]}<\/script>\n<!-- \/ Yoast SEO plugin. -->","yoast_head_json":{"title":"Utrera refuerza la limpieza y recogida de residuos durante la Feria 2026","description":"Utrera despliega un dispositivo especial de limpieza y recogida de residuos durante la Feria de Consolaci\u00f3n 2026, con m\u00e1s medios y personal.","robots":{"index":"index","follow":"follow","max-snippet":"max-snippet:-1","max-image-preview":"max-image-preview:large","max-video-preview":"max-video-preview:-1"},"canonical":"https:\/\/www.utrera.org\/en\/limpieza-recogida-residuos-feria-utrera-2026\/","og_locale":"en_GB","og_type":"article","og_title":"Utrera refuerza la limpieza y recogida de residuos durante la Feria 2026","og_description":"Utrera despliega un dispositivo especial de limpieza y recogida de residuos durante la Feria de Consolaci\u00f3n 2026, con m\u00e1s medios y personal.","og_url":"https:\/\/www.utrera.org\/en\/limpieza-recogida-residuos-feria-utrera-2026\/","og_site_name":"Ayuntamiento de Utrera","article_publisher":"https:\/\/www.facebook.com\/AyuntamientodeUtrera\/","article_published_time":"2026-09-04T10:34:03+00:00","og_image":[{"width":1600,"height":1200,"url":"https:\/\/www.utrera.org\/wp-content\/uploads\/2026\/09\/feria-limpieza.jpeg","type":"image\/jpeg"}],"author":"Ayuntamiento de Utrera","twitter_card":"summary_large_image","twitter_creator":"@CiudadUtrera","twitter_site":"@CiudadUtrera","twitter_misc":{"Written by":"Ayuntamiento de Utrera","Est. reading time":"4 minutes"},"schema":{"@context":"https:\/\/schema.org","@graph":[{"@type":"Article","@id":"https:\/\/www.utrera.org\/limpieza-recogida-residuos-feria-utrera-2026\/#article","isPartOf":{"@id":"https:\/\/www.utrera.org\/limpieza-recogida-residuos-feria-utrera-2026\/"},"author":{"name":"Ayuntamiento de Utrera","@id":"https:\/\/www.utrera.org\/#\/schema\/person\/e0aad5103777e9e4ce3f8a5100195eef"},"headline":"Limpieza refuerza el dispositivo especial de la Feria de Consolaci\u00f3n con nuevos contenedores, papeleras y servicios extraordinarios","datePublished":"2026-09-04T10:34:03+00:00","mainEntityOfPage":{"@id":"https:\/\/www.utrera.org\/limpieza-recogida-residuos-feria-utrera-2026\/"},"wordCount":746,"image":{"@id":"https:\/\/www.utrera.org\/limpieza-recogida-residuos-feria-utrera-2026\/#primaryimage"},"thumbnailUrl":"https:\/\/www.utrera.org\/wp-content\/uploads\/2026\/09\/feria-limpieza.jpeg","articleSection":["\u200eNoticias Municipales"],"inLanguage":"en-GB"},{"@type":"WebPage","@id":"https:\/\/www.utrera.org\/limpieza-recogida-residuos-feria-utrera-2026\/","url":"https:\/\/www.utrera.org\/limpieza-recogida-residuos-feria-utrera-2026\/","name":"Utrera refuerza la limpieza y recogida de residuos durante la Feria 2026","isPartOf":{"@id":"https:\/\/www.utrera.org\/#website"},"primaryImageOfPage":{"@id":"https:\/\/www.utrera.org\/limpieza-recogida-residuos-feria-utrera-2026\/#primaryimage"},"image":{"@id":"https:\/\/www.utrera.org\/limpieza-recogida-residuos-feria-utrera-2026\/#primaryimage"},"thumbnailUrl":"https:\/\/www.utrera.org\/wp-content\/uploads\/2026\/09\/feria-limpieza.jpeg","datePublished":"2026-09-04T10:34:03+00:00","author":{"@id":"https:\/\/www.utrera.org\/#\/schema\/person\/e0aad5103777e9e4ce3f8a5100195eef"},"description":"Utrera despliega un dispositivo especial de limpieza y recogida de residuos durante la Feria de Consolaci\u00f3n 2026, con m\u00e1s medios y personal.","breadcrumb":{"@id":"https:\/\/www.utrera.org\/limpieza-recogida-residuos-feria-utrera-2026\/#breadcrumb"},"inLanguage":"en-GB","potentialAction":[{"@type":"ReadAction","target":["https:\/\/www.utrera.org\/limpieza-recogida-residuos-feria-utrera-2026\/"]}]},{"@type":"ImageObject","inLanguage":"en-GB","@id":"https:\/\/www.utrera.org\/limpieza-recogida-residuos-feria-utrera-2026\/#primaryimage","url":"https:\/\/www.utrera.org\/wp-content\/uploads\/2026\/09\/feria-limpieza.jpeg","contentUrl":"https:\/\/www.utrera.org\/wp-content\/uploads\/2026\/09\/feria-limpieza.jpeg","width":1600,"height":1200,"caption":"Dispositivo especial de limpieza y recogida de residuos en la Feria de Utrera 2026"},{"@type":"BreadcrumbList","@id":"https:\/\/www.utrera.org\/limpieza-recogida-residuos-feria-utrera-2026\/#breadcrumb","itemListElement":[{"@type":"ListItem","position":1,"name":"Inicio","item":"https:\/\/www.utrera.org\/"},{"@type":"ListItem","position":2,"name":"Limpieza refuerza el dispositivo especial de la Feria de Consolaci\u00f3n con nuevos contenedores, papeleras y servicios extraordinarios"}]},{"@type":"WebSite","@id":"https:\/\/www.utrera.org\/#website","url":"https:\/\/www.utrera.org\/","name":"City Council of Utrera","description":"Web Municipal del Ayuntamiento de Utrera","potentialAction":[{"@type":"SearchAction","target":{"@type":"EntryPoint","urlTemplate":"https:\/\/www.utrera.org\/?s={search_term_string}"},"query-input":{"@type":"PropertyValueSpecification","valueRequired":true,"valueName":"search_term_string"}}],"inLanguage":"en-GB"},{"@type":"Person","@id":"https:\/\/www.utrera.org\/#\/schema\/person\/e0aad5103777e9e4ce3f8a5100195eef","name":"City Council of Utrera","image":{"@type":"ImageObject","inLanguage":"en-GB","@id":"https:\/\/secure.gravatar.com\/avatar\/85809c2d573a4a5a96cf61e736896a265a4d893602fcc49f190240eb2e8e010d?s=96&d=mm&r=g","url":"https:\/\/secure.gravatar.com\/avatar\/85809c2d573a4a5a96cf61e736896a265a4d893602fcc49f190240eb2e8e010d?s=96&d=mm&r=g","contentUrl":"https:\/\/secure.gravatar.com\/avatar\/85809c2d573a4a5a96cf61e736896a265a4d893602fcc49f190240eb2e8e010d?s=96&d=mm&r=g","caption":"Ayuntamiento de Utrera"},"url":"https:\/\/www.utrera.org\/en\/author\/amontielvillena\/"}]}},"_links":{"self":[{"href":"https:\/\/www.utrera.org\/en\/wp-json\/wp\/v2\/posts\/65597","targetHints":{"allow":["GET"]}}],"collection":[{"href":"https:\/\/www.utrera.org\/en\/wp-json\/wp\/v2\/posts"}],"about":[{"href":"https:\/\/www.utrera.org\/en\/wp-json\/wp\/v2\/types\/post"}],"author":[{"embeddable":true,"href":"https:\/\/www.utrera.org\/en\/wp-json\/wp\/v2\/users\/15"}],"replies":[{"embeddable":true,"href":"https:\/\/www.utrera.org\/en\/wp-json\/wp\/v2\/comments?post=65597"}],"version-history":[{"count":1,"href":"https:\/\/www.utrera.org\/en\/wp-json\/wp\/v2\/posts\/65597\/revisions"}],"predecessor-version":[{"id":65599,"href":"https:\/\/www.utrera.org\/en\/wp-json\/wp\/v2\/posts\/65597\/revisions\/65599"}],"wp:featuredmedia":[{"embeddable":true,"href":"https:\/\/www.utrera.org\/en\/wp-json\/wp\/v2\/media\/65598"}],"wp:attachment":[{"href":"https:\/\/www.utrera.org\/en\/wp-json\/wp\/v2\/media?parent=65597"}],"wp:term":[{"taxonomy":"category","embeddable":true,"href":"https:\/\/www.utrera.org\/en\/wp-json\/wp\/v2\/categories?post=65597"},{"taxonomy":"post_tag","embeddable":true,"href":"https:\/\/www.utrera.org\/en\/wp-json\/wp\/v2\/tags?post=65597"}],"curies":[{"name":"wp","href":"https:\/\/api.w.org\/{rel}","templated":true}]}}