{"id":65570,"date":"2026-08-31T14:24:15","date_gmt":"2026-08-31T13:24:15","guid":{"rendered":"https:\/\/www.utrera.org\/?p=65570"},"modified":"2026-08-31T14:24:15","modified_gmt":"2026-08-31T13:24:15","slug":"punto-violeta-espacio-conciliacion-feria-utrera-2026","status":"publish","type":"post","link":"https:\/\/www.utrera.org\/en\/punto-violeta-espacio-conciliacion-feria-utrera-2026\/","title":{"rendered":"Igualdad activa el Punto Violeta, las pulseras identificativas y el Espacio de Conciliaci\u00f3n para la Feria de Consolaci\u00f3n 2026"},"content":{"rendered":"<p class=\"isSelectedEnd\">La delegaci\u00f3n de <strong>Igualdad y Bienestar Social del Ayuntamiento de Utrera<\/strong> activa durante la <strong>Feria y Fiestas de Nuestra Se\u00f1ora de Consolaci\u00f3n<\/strong> diferentes recursos gratuitos destinados a prevenir y atender agresiones sexistas, reforzar la seguridad de las mujeres y facilitar la conciliaci\u00f3n de las familias durante los d\u00edas de celebraci\u00f3n.<\/p>\n<p class=\"isSelectedEnd\">Entre ellos se encuentran el <strong>Punto Violeta<\/strong> y el <strong>Servicio de Acompa\u00f1amiento<\/strong>, dirigidos a atender situaciones de acoso, y el <strong>Espacio de Conciliaci\u00f3n<\/strong>, que estar\u00e1 ubicado en el <strong>CEIP Al-\u00c1ndalus<\/strong> y contar\u00e1 con una <strong>ludoteca gratuita<\/strong> y una <strong>zona de lactancia<\/strong>.<\/p>\n<p class=\"isSelectedEnd\">La delegada de Igualdad y Bienestar Social, Alba Padilla, ha se\u00f1alado que \u201cqueremos que todas las personas puedan disfrutar de nuestra Feria y hacerlo con libertad y seguridad. Por eso ponemos a disposici\u00f3n de la ciudadan\u00eda recursos que atienden dos cuestiones fundamentales, por un lado, la prevenci\u00f3n y atenci\u00f3n ante cualquier situaci\u00f3n de acoso o agresi\u00f3n sexista y, por otro, facilitar la conciliaci\u00f3n de las familias durante estos d\u00edas\u201d.<\/p>\n<p class=\"isSelectedEnd\"><strong>Punto Violeta durante los d\u00edas de Feria<\/strong><\/p>\n<p class=\"isSelectedEnd\">El <strong>Punto Violeta<\/strong> volver\u00e1 a estar presente durante la Feria como un espacio seguro destinado a sensibilizar, informar, atender y prestar ayuda inmediata ante cualquier situaci\u00f3n de acoso.<\/p>\n<p class=\"isSelectedEnd\">El servicio estar\u00e1 ubicado <strong>junto al CECOP<\/strong> y funcionar\u00e1 durante los cinco d\u00edas de Feria, <strong>del 4 al 8 de septiembre, entre las 18:00 y las 06:00 horas<\/strong>, con personal especializado.<\/p>\n<p class=\"isSelectedEnd\">Durante este horario estar\u00e1 operativo el <strong>tel\u00e9fono espec\u00edfico del Punto Violeta, 660 016 016<\/strong>, al que se podr\u00e1 recurrir ante cualquier situaci\u00f3n que requiera informaci\u00f3n, asesoramiento o atenci\u00f3n.<\/p>\n<p class=\"isSelectedEnd\">\u201cLa prevenci\u00f3n es fundamental, pero tambi\u00e9n lo es que cualquier mujer sepa que, si necesita ayuda, va a encontrar un recurso cercano y profesionales preparados para atenderla y acompa\u00f1arla\u201d, ha explicado Padilla.<\/p>\n<p class=\"isSelectedEnd\"><strong>Servicio de Acompa\u00f1amiento para mujeres<\/strong><\/p>\n<p class=\"isSelectedEnd\">Junto al Punto Violeta se pondr\u00e1 a disposici\u00f3n de las mujeres un <strong>Servicio de Acompa\u00f1amiento<\/strong>, disponible igualmente, <strong>de 18:00 h. y las 06:00 h.<\/strong> para aquellas que necesiten desplazarse de forma segura.<\/p>\n<p class=\"isSelectedEnd\">A trav\u00e9s de este recurso, el personal de seguridad podr\u00e1 acompa\u00f1ar a pie a las mujeres <strong>desde las casetas hasta la portada principal del recinto ferial<\/strong>, facilitando desde este punto la conexi\u00f3n con los servicios de taxi y autob\u00fas.<\/p>\n<p class=\"isSelectedEnd\"><strong>Espacio de Conciliaci\u00f3n en el CEIP Al-\u00c1ndalus<\/strong><\/p>\n<p class=\"isSelectedEnd\">Por otro lado, la delegaci\u00f3n pondr\u00e1 en marcha el <strong>Espacio de Conciliaci\u00f3n<\/strong>, un servicio gratuito destinado a facilitar que las familias puedan disfrutar de la Feria. Estar\u00e1 ubicado en el <strong>CEIP Al-\u00c1ndalus<\/strong>, junto al recinto ferial, y permanecer\u00e1 abierto <strong>del 5 al 8 de septiembre, de 15:00 a 20:00 horas<\/strong>.<\/p>\n<p class=\"isSelectedEnd\">El espacio contar\u00e1 con dos zonas diferenciadas. Por una parte, se habilitar\u00e1 una <strong>zona de lactancia sin l\u00edmite de edad<\/strong>, concebida como un espacio tranquilo, ventilado e higi\u00e9nico y equipada con sillones, cambiadores, lavabo y microondas.<\/p>\n<p class=\"isSelectedEnd\">Por otra parte, habr\u00e1 una <strong>ludoteca gratuita para ni\u00f1os y ni\u00f1as de entre 3 y 8 a\u00f1os<\/strong>, supervisada por monitores y en la que se desarrollar\u00e1n actividades continuas adaptadas a las distintas edades, como juegos libres, cuentacuentos, talleres creativos, gymkanas, sesiones de baile y mini teatro infantil.<\/p>\n<p class=\"isSelectedEnd\">La <strong>estancia m\u00e1xima en la ludoteca ser\u00e1 de tres horas por ni\u00f1o o ni\u00f1a<\/strong> y la participaci\u00f3n estar\u00e1 condicionada a la disponibilidad de plazas.<\/p>\n<p class=\"isSelectedEnd\">\u201cLa conciliaci\u00f3n tambi\u00e9n debe estar presente en los momentos de ocio y celebraci\u00f3n. Queremos ofrecer a las familias un recurso que les permita disfrutar de la Feria y, al mismo tiempo, disponer de un espacio pensado espec\u00edficamente para las necesidades de los ni\u00f1os y ni\u00f1as\u201d, ha destacado la delegada.<\/p>\n<p class=\"isSelectedEnd\"><strong>Inscripci\u00f3n previa para la ludoteca<\/strong><\/p>\n<p class=\"isSelectedEnd\">Para hacer uso de la ludoteca ser\u00e1 necesario realizar previamente la <strong>inscripci\u00f3n y reserva de horario<\/strong> mediante el formulario disponible en el propio Espacio de Conciliaci\u00f3n.<\/p>\n<p class=\"isSelectedEnd\">Durante la estancia del menor, la persona adulta responsable deber\u00e1 permanecer dentro del recinto ferial y estar localizable a trav\u00e9s del tel\u00e9fono facilitado.<\/p>\n<p class=\"isSelectedEnd\">Para resolver cualquier consulta sobre el Espacio de Conciliaci\u00f3n estar\u00e1 disponible el <strong>tel\u00e9fono 690 222 340<\/strong>, entre las <strong>15:00 y las 20:00 horas<\/strong>.<\/p>\n<p class=\"isSelectedEnd\"><strong>Pulseras identificativas para ni\u00f1os y ni\u00f1as<\/strong><\/p>\n<p class=\"isSelectedEnd\">Entre las medidas previstas para facilitar la seguridad de las familias durante la Feria, tambi\u00e9n se pondr\u00e1n a su disposici\u00f3n <strong>pulseras identificativas para ni\u00f1os y ni\u00f1as<\/strong>, que permitir\u00e1n incluir un tel\u00e9fono de contacto para facilitar la localizaci\u00f3n de sus familiares en caso de que el menor se desoriente.<\/p>\n<p class=\"isSelectedEnd\">Las familias podr\u00e1n recoger estas pulseras de manera <strong>gratuita tanto en el CECOP como en el CEIP Al-\u00c1ndalus durante los d\u00edas de Feria<\/strong>.<\/p>\n<p>Adem\u00e1s, los ni\u00f1os y ni\u00f1as que hagan uso de la ludoteca del Espacio de Conciliaci\u00f3n recibir\u00e1n a su llegada una <strong>pulsera identificativa en la que figurar\u00e1 un contacto de emergencia<\/strong>.<\/p>","protected":false},"excerpt":{"rendered":"<p>La delegaci\u00f3n de Igualdad y Bienestar Social del Ayuntamiento de Utrera activa durante la Feria y Fiestas de Nuestra Se\u00f1ora de Consolaci\u00f3n diferentes recursos gratuitos destinados a prevenir y atender agresiones sexistas, reforzar la seguridad de las mujeres y facilitar la conciliaci\u00f3n de las familias durante los d\u00edas de celebraci\u00f3n. Entre ellos se encuentran el [&hellip;]<\/p>\n","protected":false},"author":15,"featured_media":60802,"comment_status":"closed","ping_status":"closed","sticky":false,"template":"","format":"standard","meta":{"_et_pb_use_builder":"","_et_pb_old_content":"","_et_gb_content_width":"","footnotes":""},"categories":[1],"tags":[],"class_list":["post-65570","post","type-post","status-publish","format-standard","has-post-thumbnail","hentry","category-noticias-municipales","et-has-post-format-content","et_post_format-et-post-format-standard"],"yoast_head":"<!-- This site is optimized with the Yoast SEO plugin v28.1 - https:\/\/yoast.com\/product\/yoast-seo-wordpress\/ -->\n<title>Punto Violeta y conciliaci\u00f3n en la Feria de Utrera 2026<\/title>\n<meta name=\"description\" content=\"Utrera activa el Punto Violeta, el Espacio de Conciliaci\u00f3n y pulseras identificativas durante la Feria 2026.\" \/>\n<meta name=\"robots\" content=\"index, follow, max-snippet:-1, max-image-preview:large, max-video-preview:-1\" \/>\n<link rel=\"canonical\" href=\"https:\/\/www.utrera.org\/en\/punto-violeta-espacio-conciliacion-feria-utrera-2026\/\" \/>\n<meta property=\"og:locale\" content=\"en_GB\" \/>\n<meta property=\"og:type\" content=\"article\" \/>\n<meta property=\"og:title\" content=\"Punto Violeta y conciliaci\u00f3n en la Feria de Utrera 2026\" \/>\n<meta property=\"og:description\" content=\"Utrera activa el Punto Violeta, el Espacio de Conciliaci\u00f3n y pulseras identificativas durante la Feria 2026.\" \/>\n<meta property=\"og:url\" content=\"https:\/\/www.utrera.org\/en\/punto-violeta-espacio-conciliacion-feria-utrera-2026\/\" \/>\n<meta property=\"og:site_name\" content=\"Ayuntamiento de Utrera\" \/>\n<meta property=\"article:publisher\" content=\"https:\/\/www.facebook.com\/AyuntamientodeUtrera\/\" \/>\n<meta property=\"article:published_time\" content=\"2026-08-31T13:24:15+00:00\" \/>\n<meta property=\"og:image\" content=\"https:\/\/www.utrera.org\/wp-content\/uploads\/2025\/08\/normas_feria_consolacion_2025-1.jpg\" \/>\n\t<meta property=\"og:image:width\" content=\"1600\" \/>\n\t<meta property=\"og:image:height\" content=\"899\" \/>\n\t<meta property=\"og:image:type\" content=\"image\/jpeg\" \/>\n<meta name=\"author\" content=\"Ayuntamiento de Utrera\" \/>\n<meta name=\"twitter:card\" content=\"summary_large_image\" \/>\n<meta name=\"twitter:creator\" content=\"@CiudadUtrera\" \/>\n<meta name=\"twitter:site\" content=\"@CiudadUtrera\" \/>\n<meta name=\"twitter:label1\" content=\"Written by\" \/>\n\t<meta name=\"twitter:data1\" content=\"Ayuntamiento de Utrera\" \/>\n\t<meta name=\"twitter:label2\" content=\"Est. reading time\" \/>\n\t<meta name=\"twitter:data2\" content=\"4 minutes\" \/>\n<script type=\"application\/ld+json\" class=\"yoast-schema-graph\">{\"@context\":\"https:\\\/\\\/schema.org\",\"@graph\":[{\"@type\":\"Article\",\"@id\":\"https:\\\/\\\/www.utrera.org\\\/punto-violeta-espacio-conciliacion-feria-utrera-2026\\\/#article\",\"isPartOf\":{\"@id\":\"https:\\\/\\\/www.utrera.org\\\/punto-violeta-espacio-conciliacion-feria-utrera-2026\\\/\"},\"author\":{\"name\":\"Ayuntamiento de Utrera\",\"@id\":\"https:\\\/\\\/www.utrera.org\\\/#\\\/schema\\\/person\\\/e0aad5103777e9e4ce3f8a5100195eef\"},\"headline\":\"Igualdad activa el Punto Violeta, las pulseras identificativas y el Espacio de Conciliaci\u00f3n para la Feria de Consolaci\u00f3n 2026\",\"datePublished\":\"2026-08-31T13:24:15+00:00\",\"mainEntityOfPage\":{\"@id\":\"https:\\\/\\\/www.utrera.org\\\/punto-violeta-espacio-conciliacion-feria-utrera-2026\\\/\"},\"wordCount\":841,\"image\":{\"@id\":\"https:\\\/\\\/www.utrera.org\\\/punto-violeta-espacio-conciliacion-feria-utrera-2026\\\/#primaryimage\"},\"thumbnailUrl\":\"https:\\\/\\\/www.utrera.org\\\/wp-content\\\/uploads\\\/2025\\\/08\\\/normas_feria_consolacion_2025-1.jpg\",\"articleSection\":[\"\u200eNoticias Municipales\"],\"inLanguage\":\"en-GB\"},{\"@type\":\"WebPage\",\"@id\":\"https:\\\/\\\/www.utrera.org\\\/punto-violeta-espacio-conciliacion-feria-utrera-2026\\\/\",\"url\":\"https:\\\/\\\/www.utrera.org\\\/punto-violeta-espacio-conciliacion-feria-utrera-2026\\\/\",\"name\":\"Punto Violeta y conciliaci\u00f3n en la Feria de Utrera 2026\",\"isPartOf\":{\"@id\":\"https:\\\/\\\/www.utrera.org\\\/#website\"},\"primaryImageOfPage\":{\"@id\":\"https:\\\/\\\/www.utrera.org\\\/punto-violeta-espacio-conciliacion-feria-utrera-2026\\\/#primaryimage\"},\"image\":{\"@id\":\"https:\\\/\\\/www.utrera.org\\\/punto-violeta-espacio-conciliacion-feria-utrera-2026\\\/#primaryimage\"},\"thumbnailUrl\":\"https:\\\/\\\/www.utrera.org\\\/wp-content\\\/uploads\\\/2025\\\/08\\\/normas_feria_consolacion_2025-1.jpg\",\"datePublished\":\"2026-08-31T13:24:15+00:00\",\"author\":{\"@id\":\"https:\\\/\\\/www.utrera.org\\\/#\\\/schema\\\/person\\\/e0aad5103777e9e4ce3f8a5100195eef\"},\"description\":\"Utrera activa el Punto Violeta, el Espacio de Conciliaci\u00f3n y pulseras identificativas durante la Feria 2026.\",\"breadcrumb\":{\"@id\":\"https:\\\/\\\/www.utrera.org\\\/punto-violeta-espacio-conciliacion-feria-utrera-2026\\\/#breadcrumb\"},\"inLanguage\":\"en-GB\",\"potentialAction\":[{\"@type\":\"ReadAction\",\"target\":[\"https:\\\/\\\/www.utrera.org\\\/punto-violeta-espacio-conciliacion-feria-utrera-2026\\\/\"]}]},{\"@type\":\"ImageObject\",\"inLanguage\":\"en-GB\",\"@id\":\"https:\\\/\\\/www.utrera.org\\\/punto-violeta-espacio-conciliacion-feria-utrera-2026\\\/#primaryimage\",\"url\":\"https:\\\/\\\/www.utrera.org\\\/wp-content\\\/uploads\\\/2025\\\/08\\\/normas_feria_consolacion_2025-1.jpg\",\"contentUrl\":\"https:\\\/\\\/www.utrera.org\\\/wp-content\\\/uploads\\\/2025\\\/08\\\/normas_feria_consolacion_2025-1.jpg\",\"width\":1600,\"height\":899,\"caption\":\"Feria 2025\"},{\"@type\":\"BreadcrumbList\",\"@id\":\"https:\\\/\\\/www.utrera.org\\\/punto-violeta-espacio-conciliacion-feria-utrera-2026\\\/#breadcrumb\",\"itemListElement\":[{\"@type\":\"ListItem\",\"position\":1,\"name\":\"Inicio\",\"item\":\"https:\\\/\\\/www.utrera.org\\\/\"},{\"@type\":\"ListItem\",\"position\":2,\"name\":\"Igualdad activa el Punto Violeta, las pulseras identificativas y el Espacio de Conciliaci\u00f3n para la Feria de Consolaci\u00f3n 2026\"}]},{\"@type\":\"WebSite\",\"@id\":\"https:\\\/\\\/www.utrera.org\\\/#website\",\"url\":\"https:\\\/\\\/www.utrera.org\\\/\",\"name\":\"Ayuntamiento de Utrera\",\"description\":\"Web Municipal del Ayuntamiento de Utrera\",\"potentialAction\":[{\"@type\":\"SearchAction\",\"target\":{\"@type\":\"EntryPoint\",\"urlTemplate\":\"https:\\\/\\\/www.utrera.org\\\/?s={search_term_string}\"},\"query-input\":{\"@type\":\"PropertyValueSpecification\",\"valueRequired\":true,\"valueName\":\"search_term_string\"}}],\"inLanguage\":\"en-GB\"},{\"@type\":\"Person\",\"@id\":\"https:\\\/\\\/www.utrera.org\\\/#\\\/schema\\\/person\\\/e0aad5103777e9e4ce3f8a5100195eef\",\"name\":\"Ayuntamiento de Utrera\",\"image\":{\"@type\":\"ImageObject\",\"inLanguage\":\"en-GB\",\"@id\":\"https:\\\/\\\/secure.gravatar.com\\\/avatar\\\/85809c2d573a4a5a96cf61e736896a265a4d893602fcc49f190240eb2e8e010d?s=96&d=mm&r=g\",\"url\":\"https:\\\/\\\/secure.gravatar.com\\\/avatar\\\/85809c2d573a4a5a96cf61e736896a265a4d893602fcc49f190240eb2e8e010d?s=96&d=mm&r=g\",\"contentUrl\":\"https:\\\/\\\/secure.gravatar.com\\\/avatar\\\/85809c2d573a4a5a96cf61e736896a265a4d893602fcc49f190240eb2e8e010d?s=96&d=mm&r=g\",\"caption\":\"Ayuntamiento de Utrera\"},\"url\":\"https:\\\/\\\/www.utrera.org\\\/en\\\/author\\\/amontielvillena\\\/\"}]}<\/script>\n<!-- \/ Yoast SEO plugin. -->","yoast_head_json":{"title":"Punto Violeta y conciliaci\u00f3n en la Feria de Utrera 2026","description":"Utrera activa el Punto Violeta, el Espacio de Conciliaci\u00f3n y pulseras identificativas durante la Feria 2026.","robots":{"index":"index","follow":"follow","max-snippet":"max-snippet:-1","max-image-preview":"max-image-preview:large","max-video-preview":"max-video-preview:-1"},"canonical":"https:\/\/www.utrera.org\/en\/punto-violeta-espacio-conciliacion-feria-utrera-2026\/","og_locale":"en_GB","og_type":"article","og_title":"Punto Violeta y conciliaci\u00f3n en la Feria de Utrera 2026","og_description":"Utrera activa el Punto Violeta, el Espacio de Conciliaci\u00f3n y pulseras identificativas durante la Feria 2026.","og_url":"https:\/\/www.utrera.org\/en\/punto-violeta-espacio-conciliacion-feria-utrera-2026\/","og_site_name":"Ayuntamiento de Utrera","article_publisher":"https:\/\/www.facebook.com\/AyuntamientodeUtrera\/","article_published_time":"2026-08-31T13:24:15+00:00","og_image":[{"width":1600,"height":899,"url":"https:\/\/www.utrera.org\/wp-content\/uploads\/2025\/08\/normas_feria_consolacion_2025-1.jpg","type":"image\/jpeg"}],"author":"Ayuntamiento de Utrera","twitter_card":"summary_large_image","twitter_creator":"@CiudadUtrera","twitter_site":"@CiudadUtrera","twitter_misc":{"Written by":"Ayuntamiento de Utrera","Est. reading time":"4 minutes"},"schema":{"@context":"https:\/\/schema.org","@graph":[{"@type":"Article","@id":"https:\/\/www.utrera.org\/punto-violeta-espacio-conciliacion-feria-utrera-2026\/#article","isPartOf":{"@id":"https:\/\/www.utrera.org\/punto-violeta-espacio-conciliacion-feria-utrera-2026\/"},"author":{"name":"Ayuntamiento de Utrera","@id":"https:\/\/www.utrera.org\/#\/schema\/person\/e0aad5103777e9e4ce3f8a5100195eef"},"headline":"Igualdad activa el Punto Violeta, las pulseras identificativas y el Espacio de Conciliaci\u00f3n para la Feria de Consolaci\u00f3n 2026","datePublished":"2026-08-31T13:24:15+00:00","mainEntityOfPage":{"@id":"https:\/\/www.utrera.org\/punto-violeta-espacio-conciliacion-feria-utrera-2026\/"},"wordCount":841,"image":{"@id":"https:\/\/www.utrera.org\/punto-violeta-espacio-conciliacion-feria-utrera-2026\/#primaryimage"},"thumbnailUrl":"https:\/\/www.utrera.org\/wp-content\/uploads\/2025\/08\/normas_feria_consolacion_2025-1.jpg","articleSection":["\u200eNoticias Municipales"],"inLanguage":"en-GB"},{"@type":"WebPage","@id":"https:\/\/www.utrera.org\/punto-violeta-espacio-conciliacion-feria-utrera-2026\/","url":"https:\/\/www.utrera.org\/punto-violeta-espacio-conciliacion-feria-utrera-2026\/","name":"Punto Violeta y conciliaci\u00f3n en la Feria de Utrera 2026","isPartOf":{"@id":"https:\/\/www.utrera.org\/#website"},"primaryImageOfPage":{"@id":"https:\/\/www.utrera.org\/punto-violeta-espacio-conciliacion-feria-utrera-2026\/#primaryimage"},"image":{"@id":"https:\/\/www.utrera.org\/punto-violeta-espacio-conciliacion-feria-utrera-2026\/#primaryimage"},"thumbnailUrl":"https:\/\/www.utrera.org\/wp-content\/uploads\/2025\/08\/normas_feria_consolacion_2025-1.jpg","datePublished":"2026-08-31T13:24:15+00:00","author":{"@id":"https:\/\/www.utrera.org\/#\/schema\/person\/e0aad5103777e9e4ce3f8a5100195eef"},"description":"Utrera activa el Punto Violeta, el Espacio de Conciliaci\u00f3n y pulseras identificativas durante la Feria 2026.","breadcrumb":{"@id":"https:\/\/www.utrera.org\/punto-violeta-espacio-conciliacion-feria-utrera-2026\/#breadcrumb"},"inLanguage":"en-GB","potentialAction":[{"@type":"ReadAction","target":["https:\/\/www.utrera.org\/punto-violeta-espacio-conciliacion-feria-utrera-2026\/"]}]},{"@type":"ImageObject","inLanguage":"en-GB","@id":"https:\/\/www.utrera.org\/punto-violeta-espacio-conciliacion-feria-utrera-2026\/#primaryimage","url":"https:\/\/www.utrera.org\/wp-content\/uploads\/2025\/08\/normas_feria_consolacion_2025-1.jpg","contentUrl":"https:\/\/www.utrera.org\/wp-content\/uploads\/2025\/08\/normas_feria_consolacion_2025-1.jpg","width":1600,"height":899,"caption":"Feria 2025"},{"@type":"BreadcrumbList","@id":"https:\/\/www.utrera.org\/punto-violeta-espacio-conciliacion-feria-utrera-2026\/#breadcrumb","itemListElement":[{"@type":"ListItem","position":1,"name":"Inicio","item":"https:\/\/www.utrera.org\/"},{"@type":"ListItem","position":2,"name":"Igualdad activa el Punto Violeta, las pulseras identificativas y el Espacio de Conciliaci\u00f3n para la Feria de Consolaci\u00f3n 2026"}]},{"@type":"WebSite","@id":"https:\/\/www.utrera.org\/#website","url":"https:\/\/www.utrera.org\/","name":"City Council of Utrera","description":"Web Municipal del Ayuntamiento de Utrera","potentialAction":[{"@type":"SearchAction","target":{"@type":"EntryPoint","urlTemplate":"https:\/\/www.utrera.org\/?s={search_term_string}"},"query-input":{"@type":"PropertyValueSpecification","valueRequired":true,"valueName":"search_term_string"}}],"inLanguage":"en-GB"},{"@type":"Person","@id":"https:\/\/www.utrera.org\/#\/schema\/person\/e0aad5103777e9e4ce3f8a5100195eef","name":"City Council of Utrera","image":{"@type":"ImageObject","inLanguage":"en-GB","@id":"https:\/\/secure.gravatar.com\/avatar\/85809c2d573a4a5a96cf61e736896a265a4d893602fcc49f190240eb2e8e010d?s=96&d=mm&r=g","url":"https:\/\/secure.gravatar.com\/avatar\/85809c2d573a4a5a96cf61e736896a265a4d893602fcc49f190240eb2e8e010d?s=96&d=mm&r=g","contentUrl":"https:\/\/secure.gravatar.com\/avatar\/85809c2d573a4a5a96cf61e736896a265a4d893602fcc49f190240eb2e8e010d?s=96&d=mm&r=g","caption":"Ayuntamiento de Utrera"},"url":"https:\/\/www.utrera.org\/en\/author\/amontielvillena\/"}]}},"_links":{"self":[{"href":"https:\/\/www.utrera.org\/en\/wp-json\/wp\/v2\/posts\/65570","targetHints":{"allow":["GET"]}}],"collection":[{"href":"https:\/\/www.utrera.org\/en\/wp-json\/wp\/v2\/posts"}],"about":[{"href":"https:\/\/www.utrera.org\/en\/wp-json\/wp\/v2\/types\/post"}],"author":[{"embeddable":true,"href":"https:\/\/www.utrera.org\/en\/wp-json\/wp\/v2\/users\/15"}],"replies":[{"embeddable":true,"href":"https:\/\/www.utrera.org\/en\/wp-json\/wp\/v2\/comments?post=65570"}],"version-history":[{"count":1,"href":"https:\/\/www.utrera.org\/en\/wp-json\/wp\/v2\/posts\/65570\/revisions"}],"predecessor-version":[{"id":65571,"href":"https:\/\/www.utrera.org\/en\/wp-json\/wp\/v2\/posts\/65570\/revisions\/65571"}],"wp:featuredmedia":[{"embeddable":true,"href":"https:\/\/www.utrera.org\/en\/wp-json\/wp\/v2\/media\/60802"}],"wp:attachment":[{"href":"https:\/\/www.utrera.org\/en\/wp-json\/wp\/v2\/media?parent=65570"}],"wp:term":[{"taxonomy":"category","embeddable":true,"href":"https:\/\/www.utrera.org\/en\/wp-json\/wp\/v2\/categories?post=65570"},{"taxonomy":"post_tag","embeddable":true,"href":"https:\/\/www.utrera.org\/en\/wp-json\/wp\/v2\/tags?post=65570"}],"curies":[{"name":"wp","href":"https:\/\/api.w.org\/{rel}","templated":true}]}}