{"id":64226,"date":"2026-04-30T11:40:24","date_gmt":"2026-04-30T10:40:24","guid":{"rendered":"https:\/\/www.utrera.org\/?p=64226"},"modified":"2026-04-30T11:41:34","modified_gmt":"2026-04-30T10:41:34","slug":"carrera-colores-utrera-2026","status":"publish","type":"post","link":"https:\/\/www.utrera.org\/en\/carrera-colores-utrera-2026\/","title":{"rendered":"Utrera abre el plazo de inscripci\u00f3n para la V Carrera de Colores, que se celebrar\u00e1 el 12 de junio"},"content":{"rendered":"<p data-start=\"128\" data-end=\"508\">Utrera celebrar\u00e1 la <strong data-start=\"148\" data-end=\"191\">quinta edici\u00f3n de la Carrera de Colores<\/strong>, una cita ya consolidada en el calendario deportivo local que este a\u00f1o tendr\u00e1 lugar el pr\u00f3ximo <strong data-start=\"287\" data-end=\"340\">viernes, 12 de junio, a partir de las 20:00 horas<\/strong>. La prueba se prolongar\u00e1 hasta aproximadamente la <strong data-start=\"391\" data-end=\"416\">01:00 de la madrugada<\/strong>, combinando deporte, ocio y convivencia en un ambiente festivo dirigido a todas las edades.<\/p>\n<p data-start=\"510\" data-end=\"804\">El <strong data-start=\"513\" data-end=\"539\">City Council of Utrera<\/strong>, a trav\u00e9s de la delegaci\u00f3n de <strong data-start=\"570\" data-end=\"593\">Deportes y Juventud<\/strong>, colabora un a\u00f1o m\u00e1s con esta iniciativa organizada por el <strong data-start=\"653\" data-end=\"673\">Gimnasio Corpore<\/strong>. En este sentido, ya se ha abierto el plazo de inscripci\u00f3n para todas aquellas personas que deseen participar en esta experiencia.<\/p>\n<p data-start=\"806\" data-end=\"1290\">Las inscripciones ya pueden formalizarse de manera online, con un precio de <strong data-start=\"882\" data-end=\"893\">8 euros<\/strong>, a trav\u00e9s del siguiente enlace: <a class=\"decorated-link\" href=\"https:\/\/web.fourvenues.com\/...\/hlwineez9hj4m9ukxmwewwwe4q\" target=\"_new\" rel=\"noopener\" data-start=\"926\" data-end=\"983\">https:\/\/web.fourvenues.com\/&#8230;\/hlwineez9hj4m9ukxmwewwwe4q<\/a>. Estas incluyen un <strong data-start=\"1003\" data-end=\"1023\">kit del corredor<\/strong> compuesto por mochila conmemorativa, dorsal, polvos de color, gafas de sol fl\u00faor y regalos de patrocinadores, adem\u00e1s de bebida gratuita al llegar a meta. Asimismo, las primeras <strong data-start=\"1201\" data-end=\"1229\">1.000 personas inscritas<\/strong> recibir\u00e1n una camiseta oficial del evento de forma gratuita.<\/p>\n<p data-start=\"1292\" data-end=\"1319\"><strong data-start=\"1292\" data-end=\"1319\">Recorrido de la carrera<\/strong><\/p>\n<p data-start=\"1321\" data-end=\"1589\">El recorrido comenzar\u00e1, como es tradicional, en la <strong data-start=\"1372\" data-end=\"1390\">Plaza de Toros<\/strong> y discurrir\u00e1 por algunos de los puntos m\u00e1s emblem\u00e1ticos de la ciudad, como el <strong data-start=\"1469\" data-end=\"1487\">recinto ferial<\/strong>, el <strong data-start=\"1492\" data-end=\"1517\">Parque de Consolaci\u00f3n<\/strong>, el <strong data-start=\"1522\" data-end=\"1546\">Paseo de Consolaci\u00f3n<\/strong> o el <strong data-start=\"1552\" data-end=\"1588\">Estadio Municipal San Juan Bosco<\/strong>.<\/p>\n<p data-start=\"1591\" data-end=\"1782\">Una vez finalizada la carrera y tras regresar al punto de salida, los participantes podr\u00e1n disfrutar de una <strong data-start=\"1699\" data-end=\"1715\">fiesta final<\/strong> con m\u00fasica en directo, DJ, reparto de regalos y servicio de barra.<\/p>\n<p data-start=\"1784\" data-end=\"2030\" data-is-last-node=\"\" data-is-only-node=\"\">Desde la organizaci\u00f3n se anima a la ciudadan\u00eda a participar en esta actividad, que apuesta por el <strong data-start=\"1882\" data-end=\"1904\">deporte en familia<\/strong>, el <strong data-start=\"1909\" data-end=\"1927\">ocio saludable<\/strong> y la <strong data-start=\"1933\" data-end=\"1957\">diversi\u00f3n compartida<\/strong>, consolid\u00e1ndose como uno de los eventos m\u00e1s esperados del a\u00f1o en Utrera.<\/p>","protected":false},"excerpt":{"rendered":"<p>Utrera celebrar\u00e1 la quinta edici\u00f3n de la Carrera de Colores, una cita ya consolidada en el calendario deportivo local que este a\u00f1o tendr\u00e1 lugar el pr\u00f3ximo viernes, 12 de junio, a partir de las 20:00 horas. La prueba se prolongar\u00e1 hasta aproximadamente la 01:00 de la madrugada, combinando deporte, ocio y convivencia en un ambiente [&hellip;]<\/p>\n","protected":false},"author":15,"featured_media":64227,"comment_status":"closed","ping_status":"closed","sticky":false,"template":"","format":"standard","meta":{"_et_pb_use_builder":"","_et_pb_old_content":"","_et_gb_content_width":"","footnotes":""},"categories":[1],"tags":[],"class_list":["post-64226","post","type-post","status-publish","format-standard","has-post-thumbnail","hentry","category-noticias-municipales","et-has-post-format-content","et_post_format-et-post-format-standard"],"yoast_head":"<!-- This site is optimized with the Yoast SEO plugin v27.3 - https:\/\/yoast.com\/product\/yoast-seo-wordpress\/ -->\n<title>Carrera de Colores 2026: inscripciones abiertas y recorrido<\/title>\n<meta name=\"description\" content=\"Utrera celebra el 12 de junio su Carrera de Colores con m\u00fasica, fiesta final y recorrido urbano. Inscripciones abiertas por 8 euros.\" \/>\n<meta name=\"robots\" content=\"index, follow, max-snippet:-1, max-image-preview:large, max-video-preview:-1\" \/>\n<link rel=\"canonical\" href=\"https:\/\/www.utrera.org\/en\/carrera-colores-utrera-2026\/\" \/>\n<meta property=\"og:locale\" content=\"en_GB\" \/>\n<meta property=\"og:type\" content=\"article\" \/>\n<meta property=\"og:title\" content=\"Carrera de Colores 2026: inscripciones abiertas y recorrido\" \/>\n<meta property=\"og:description\" content=\"Utrera celebra el 12 de junio su Carrera de Colores con m\u00fasica, fiesta final y recorrido urbano. Inscripciones abiertas por 8 euros.\" \/>\n<meta property=\"og:url\" content=\"https:\/\/www.utrera.org\/en\/carrera-colores-utrera-2026\/\" \/>\n<meta property=\"og:site_name\" content=\"Ayuntamiento de Utrera\" \/>\n<meta property=\"article:publisher\" content=\"https:\/\/www.facebook.com\/AyuntamientodeUtrera\/\" \/>\n<meta property=\"article:published_time\" content=\"2026-04-30T10:40:24+00:00\" \/>\n<meta property=\"article:modified_time\" content=\"2026-04-30T10:41:34+00:00\" \/>\n<meta property=\"og:image\" content=\"https:\/\/www.utrera.org\/wp-content\/uploads\/2026\/04\/WhatsApp-Image-2026-04-30-at-12.38.36-scaled.jpeg\" \/>\n\t<meta property=\"og:image:width\" content=\"2560\" \/>\n\t<meta property=\"og:image:height\" content=\"1920\" \/>\n\t<meta property=\"og:image:type\" content=\"image\/jpeg\" \/>\n<meta name=\"author\" content=\"Ayuntamiento de Utrera\" \/>\n<meta name=\"twitter:card\" content=\"summary_large_image\" \/>\n<meta name=\"twitter:creator\" content=\"@CiudadUtrera\" \/>\n<meta name=\"twitter:site\" content=\"@CiudadUtrera\" \/>\n<meta name=\"twitter:label1\" content=\"Written by\" \/>\n\t<meta name=\"twitter:data1\" content=\"Ayuntamiento de Utrera\" \/>\n\t<meta name=\"twitter:label2\" content=\"Est. reading time\" \/>\n\t<meta name=\"twitter:data2\" content=\"2 minutes\" \/>\n<script type=\"application\/ld+json\" class=\"yoast-schema-graph\">{\"@context\":\"https:\\\/\\\/schema.org\",\"@graph\":[{\"@type\":\"Article\",\"@id\":\"https:\\\/\\\/www.utrera.org\\\/carrera-colores-utrera-2026\\\/#article\",\"isPartOf\":{\"@id\":\"https:\\\/\\\/www.utrera.org\\\/carrera-colores-utrera-2026\\\/\"},\"author\":{\"name\":\"Ayuntamiento de Utrera\",\"@id\":\"https:\\\/\\\/www.utrera.org\\\/#\\\/schema\\\/person\\\/e0aad5103777e9e4ce3f8a5100195eef\"},\"headline\":\"Utrera abre el plazo de inscripci\u00f3n para la V Carrera de Colores, que se celebrar\u00e1 el 12 de junio\",\"datePublished\":\"2026-04-30T10:40:24+00:00\",\"dateModified\":\"2026-04-30T10:41:34+00:00\",\"mainEntityOfPage\":{\"@id\":\"https:\\\/\\\/www.utrera.org\\\/carrera-colores-utrera-2026\\\/\"},\"wordCount\":335,\"image\":{\"@id\":\"https:\\\/\\\/www.utrera.org\\\/carrera-colores-utrera-2026\\\/#primaryimage\"},\"thumbnailUrl\":\"https:\\\/\\\/www.utrera.org\\\/wp-content\\\/uploads\\\/2026\\\/04\\\/WhatsApp-Image-2026-04-30-at-12.38.36-scaled.jpeg\",\"articleSection\":[\"\u200eNoticias Municipales\"],\"inLanguage\":\"en-GB\"},{\"@type\":\"WebPage\",\"@id\":\"https:\\\/\\\/www.utrera.org\\\/carrera-colores-utrera-2026\\\/\",\"url\":\"https:\\\/\\\/www.utrera.org\\\/carrera-colores-utrera-2026\\\/\",\"name\":\"Carrera de Colores 2026: inscripciones abiertas y recorrido\",\"isPartOf\":{\"@id\":\"https:\\\/\\\/www.utrera.org\\\/#website\"},\"primaryImageOfPage\":{\"@id\":\"https:\\\/\\\/www.utrera.org\\\/carrera-colores-utrera-2026\\\/#primaryimage\"},\"image\":{\"@id\":\"https:\\\/\\\/www.utrera.org\\\/carrera-colores-utrera-2026\\\/#primaryimage\"},\"thumbnailUrl\":\"https:\\\/\\\/www.utrera.org\\\/wp-content\\\/uploads\\\/2026\\\/04\\\/WhatsApp-Image-2026-04-30-at-12.38.36-scaled.jpeg\",\"datePublished\":\"2026-04-30T10:40:24+00:00\",\"dateModified\":\"2026-04-30T10:41:34+00:00\",\"author\":{\"@id\":\"https:\\\/\\\/www.utrera.org\\\/#\\\/schema\\\/person\\\/e0aad5103777e9e4ce3f8a5100195eef\"},\"description\":\"Utrera celebra el 12 de junio su Carrera de Colores con m\u00fasica, fiesta final y recorrido urbano. Inscripciones abiertas por 8 euros.\",\"breadcrumb\":{\"@id\":\"https:\\\/\\\/www.utrera.org\\\/carrera-colores-utrera-2026\\\/#breadcrumb\"},\"inLanguage\":\"en-GB\",\"potentialAction\":[{\"@type\":\"ReadAction\",\"target\":[\"https:\\\/\\\/www.utrera.org\\\/carrera-colores-utrera-2026\\\/\"]}]},{\"@type\":\"ImageObject\",\"inLanguage\":\"en-GB\",\"@id\":\"https:\\\/\\\/www.utrera.org\\\/carrera-colores-utrera-2026\\\/#primaryimage\",\"url\":\"https:\\\/\\\/www.utrera.org\\\/wp-content\\\/uploads\\\/2026\\\/04\\\/WhatsApp-Image-2026-04-30-at-12.38.36-scaled.jpeg\",\"contentUrl\":\"https:\\\/\\\/www.utrera.org\\\/wp-content\\\/uploads\\\/2026\\\/04\\\/WhatsApp-Image-2026-04-30-at-12.38.36-scaled.jpeg\",\"width\":2560,\"height\":1920,\"caption\":\"Carrera de Colores\"},{\"@type\":\"BreadcrumbList\",\"@id\":\"https:\\\/\\\/www.utrera.org\\\/carrera-colores-utrera-2026\\\/#breadcrumb\",\"itemListElement\":[{\"@type\":\"ListItem\",\"position\":1,\"name\":\"Inicio\",\"item\":\"https:\\\/\\\/www.utrera.org\\\/\"},{\"@type\":\"ListItem\",\"position\":2,\"name\":\"Utrera abre el plazo de inscripci\u00f3n para la V Carrera de Colores, que se celebrar\u00e1 el 12 de junio\"}]},{\"@type\":\"WebSite\",\"@id\":\"https:\\\/\\\/www.utrera.org\\\/#website\",\"url\":\"https:\\\/\\\/www.utrera.org\\\/\",\"name\":\"Ayuntamiento de Utrera\",\"description\":\"Web Municipal del Ayuntamiento de Utrera\",\"potentialAction\":[{\"@type\":\"SearchAction\",\"target\":{\"@type\":\"EntryPoint\",\"urlTemplate\":\"https:\\\/\\\/www.utrera.org\\\/?s={search_term_string}\"},\"query-input\":{\"@type\":\"PropertyValueSpecification\",\"valueRequired\":true,\"valueName\":\"search_term_string\"}}],\"inLanguage\":\"en-GB\"},{\"@type\":\"Person\",\"@id\":\"https:\\\/\\\/www.utrera.org\\\/#\\\/schema\\\/person\\\/e0aad5103777e9e4ce3f8a5100195eef\",\"name\":\"Ayuntamiento de Utrera\",\"image\":{\"@type\":\"ImageObject\",\"inLanguage\":\"en-GB\",\"@id\":\"https:\\\/\\\/secure.gravatar.com\\\/avatar\\\/85809c2d573a4a5a96cf61e736896a265a4d893602fcc49f190240eb2e8e010d?s=96&d=mm&r=g\",\"url\":\"https:\\\/\\\/secure.gravatar.com\\\/avatar\\\/85809c2d573a4a5a96cf61e736896a265a4d893602fcc49f190240eb2e8e010d?s=96&d=mm&r=g\",\"contentUrl\":\"https:\\\/\\\/secure.gravatar.com\\\/avatar\\\/85809c2d573a4a5a96cf61e736896a265a4d893602fcc49f190240eb2e8e010d?s=96&d=mm&r=g\",\"caption\":\"Ayuntamiento de Utrera\"},\"url\":\"https:\\\/\\\/www.utrera.org\\\/en\\\/author\\\/amontielvillena\\\/\"}]}<\/script>\n<!-- \/ Yoast SEO plugin. -->","yoast_head_json":{"title":"Carrera de Colores 2026: inscripciones abiertas y recorrido","description":"Utrera celebra el 12 de junio su Carrera de Colores con m\u00fasica, fiesta final y recorrido urbano. Inscripciones abiertas por 8 euros.","robots":{"index":"index","follow":"follow","max-snippet":"max-snippet:-1","max-image-preview":"max-image-preview:large","max-video-preview":"max-video-preview:-1"},"canonical":"https:\/\/www.utrera.org\/en\/carrera-colores-utrera-2026\/","og_locale":"en_GB","og_type":"article","og_title":"Carrera de Colores 2026: inscripciones abiertas y recorrido","og_description":"Utrera celebra el 12 de junio su Carrera de Colores con m\u00fasica, fiesta final y recorrido urbano. Inscripciones abiertas por 8 euros.","og_url":"https:\/\/www.utrera.org\/en\/carrera-colores-utrera-2026\/","og_site_name":"Ayuntamiento de Utrera","article_publisher":"https:\/\/www.facebook.com\/AyuntamientodeUtrera\/","article_published_time":"2026-04-30T10:40:24+00:00","article_modified_time":"2026-04-30T10:41:34+00:00","og_image":[{"width":2560,"height":1920,"url":"https:\/\/www.utrera.org\/wp-content\/uploads\/2026\/04\/WhatsApp-Image-2026-04-30-at-12.38.36-scaled.jpeg","type":"image\/jpeg"}],"author":"Ayuntamiento de Utrera","twitter_card":"summary_large_image","twitter_creator":"@CiudadUtrera","twitter_site":"@CiudadUtrera","twitter_misc":{"Written by":"Ayuntamiento de Utrera","Est. reading time":"2 minutes"},"schema":{"@context":"https:\/\/schema.org","@graph":[{"@type":"Article","@id":"https:\/\/www.utrera.org\/carrera-colores-utrera-2026\/#article","isPartOf":{"@id":"https:\/\/www.utrera.org\/carrera-colores-utrera-2026\/"},"author":{"name":"Ayuntamiento de Utrera","@id":"https:\/\/www.utrera.org\/#\/schema\/person\/e0aad5103777e9e4ce3f8a5100195eef"},"headline":"Utrera abre el plazo de inscripci\u00f3n para la V Carrera de Colores, que se celebrar\u00e1 el 12 de junio","datePublished":"2026-04-30T10:40:24+00:00","dateModified":"2026-04-30T10:41:34+00:00","mainEntityOfPage":{"@id":"https:\/\/www.utrera.org\/carrera-colores-utrera-2026\/"},"wordCount":335,"image":{"@id":"https:\/\/www.utrera.org\/carrera-colores-utrera-2026\/#primaryimage"},"thumbnailUrl":"https:\/\/www.utrera.org\/wp-content\/uploads\/2026\/04\/WhatsApp-Image-2026-04-30-at-12.38.36-scaled.jpeg","articleSection":["\u200eNoticias Municipales"],"inLanguage":"en-GB"},{"@type":"WebPage","@id":"https:\/\/www.utrera.org\/carrera-colores-utrera-2026\/","url":"https:\/\/www.utrera.org\/carrera-colores-utrera-2026\/","name":"Carrera de Colores 2026: inscripciones abiertas y recorrido","isPartOf":{"@id":"https:\/\/www.utrera.org\/#website"},"primaryImageOfPage":{"@id":"https:\/\/www.utrera.org\/carrera-colores-utrera-2026\/#primaryimage"},"image":{"@id":"https:\/\/www.utrera.org\/carrera-colores-utrera-2026\/#primaryimage"},"thumbnailUrl":"https:\/\/www.utrera.org\/wp-content\/uploads\/2026\/04\/WhatsApp-Image-2026-04-30-at-12.38.36-scaled.jpeg","datePublished":"2026-04-30T10:40:24+00:00","dateModified":"2026-04-30T10:41:34+00:00","author":{"@id":"https:\/\/www.utrera.org\/#\/schema\/person\/e0aad5103777e9e4ce3f8a5100195eef"},"description":"Utrera celebra el 12 de junio su Carrera de Colores con m\u00fasica, fiesta final y recorrido urbano. Inscripciones abiertas por 8 euros.","breadcrumb":{"@id":"https:\/\/www.utrera.org\/carrera-colores-utrera-2026\/#breadcrumb"},"inLanguage":"en-GB","potentialAction":[{"@type":"ReadAction","target":["https:\/\/www.utrera.org\/carrera-colores-utrera-2026\/"]}]},{"@type":"ImageObject","inLanguage":"en-GB","@id":"https:\/\/www.utrera.org\/carrera-colores-utrera-2026\/#primaryimage","url":"https:\/\/www.utrera.org\/wp-content\/uploads\/2026\/04\/WhatsApp-Image-2026-04-30-at-12.38.36-scaled.jpeg","contentUrl":"https:\/\/www.utrera.org\/wp-content\/uploads\/2026\/04\/WhatsApp-Image-2026-04-30-at-12.38.36-scaled.jpeg","width":2560,"height":1920,"caption":"Carrera de Colores"},{"@type":"BreadcrumbList","@id":"https:\/\/www.utrera.org\/carrera-colores-utrera-2026\/#breadcrumb","itemListElement":[{"@type":"ListItem","position":1,"name":"Inicio","item":"https:\/\/www.utrera.org\/"},{"@type":"ListItem","position":2,"name":"Utrera abre el plazo de inscripci\u00f3n para la V Carrera de Colores, que se celebrar\u00e1 el 12 de junio"}]},{"@type":"WebSite","@id":"https:\/\/www.utrera.org\/#website","url":"https:\/\/www.utrera.org\/","name":"City Council of Utrera","description":"Web Municipal del Ayuntamiento de Utrera","potentialAction":[{"@type":"SearchAction","target":{"@type":"EntryPoint","urlTemplate":"https:\/\/www.utrera.org\/?s={search_term_string}"},"query-input":{"@type":"PropertyValueSpecification","valueRequired":true,"valueName":"search_term_string"}}],"inLanguage":"en-GB"},{"@type":"Person","@id":"https:\/\/www.utrera.org\/#\/schema\/person\/e0aad5103777e9e4ce3f8a5100195eef","name":"City Council of Utrera","image":{"@type":"ImageObject","inLanguage":"en-GB","@id":"https:\/\/secure.gravatar.com\/avatar\/85809c2d573a4a5a96cf61e736896a265a4d893602fcc49f190240eb2e8e010d?s=96&d=mm&r=g","url":"https:\/\/secure.gravatar.com\/avatar\/85809c2d573a4a5a96cf61e736896a265a4d893602fcc49f190240eb2e8e010d?s=96&d=mm&r=g","contentUrl":"https:\/\/secure.gravatar.com\/avatar\/85809c2d573a4a5a96cf61e736896a265a4d893602fcc49f190240eb2e8e010d?s=96&d=mm&r=g","caption":"Ayuntamiento de Utrera"},"url":"https:\/\/www.utrera.org\/en\/author\/amontielvillena\/"}]}},"_links":{"self":[{"href":"https:\/\/www.utrera.org\/en\/wp-json\/wp\/v2\/posts\/64226","targetHints":{"allow":["GET"]}}],"collection":[{"href":"https:\/\/www.utrera.org\/en\/wp-json\/wp\/v2\/posts"}],"about":[{"href":"https:\/\/www.utrera.org\/en\/wp-json\/wp\/v2\/types\/post"}],"author":[{"embeddable":true,"href":"https:\/\/www.utrera.org\/en\/wp-json\/wp\/v2\/users\/15"}],"replies":[{"embeddable":true,"href":"https:\/\/www.utrera.org\/en\/wp-json\/wp\/v2\/comments?post=64226"}],"version-history":[{"count":1,"href":"https:\/\/www.utrera.org\/en\/wp-json\/wp\/v2\/posts\/64226\/revisions"}],"predecessor-version":[{"id":64228,"href":"https:\/\/www.utrera.org\/en\/wp-json\/wp\/v2\/posts\/64226\/revisions\/64228"}],"wp:featuredmedia":[{"embeddable":true,"href":"https:\/\/www.utrera.org\/en\/wp-json\/wp\/v2\/media\/64227"}],"wp:attachment":[{"href":"https:\/\/www.utrera.org\/en\/wp-json\/wp\/v2\/media?parent=64226"}],"wp:term":[{"taxonomy":"category","embeddable":true,"href":"https:\/\/www.utrera.org\/en\/wp-json\/wp\/v2\/categories?post=64226"},{"taxonomy":"post_tag","embeddable":true,"href":"https:\/\/www.utrera.org\/en\/wp-json\/wp\/v2\/tags?post=64226"}],"curies":[{"name":"wp","href":"https:\/\/api.w.org\/{rel}","templated":true}]}}