{"id":64212,"date":"2026-04-30T10:25:46","date_gmt":"2026-04-30T09:25:46","guid":{"rendered":"https:\/\/www.utrera.org\/?p=64212"},"modified":"2026-04-30T10:25:46","modified_gmt":"2026-04-30T09:25:46","slug":"estadio-vistalegre-jose-antonio-reyes-utrera","status":"publish","type":"post","link":"https:\/\/www.utrera.org\/en\/estadio-vistalegre-jose-antonio-reyes-utrera\/","title":{"rendered":"Utrera rinde homenaje a Jos\u00e9 Antonio Reyes dando su nombre al Estadio Municipal de Vistalegre"},"content":{"rendered":"<p data-start=\"0\" data-end=\"365\">El Pleno del Ayuntamiento de Utrera, en su sesi\u00f3n ordinaria correspondiente al mes de abril, ha aprobado por unanimidad el nombramiento del actual <strong data-start=\"147\" data-end=\"235\">Estadio Municipal de Vistalegre como \u201cEstadio Municipal Jos\u00e9 Antonio Reyes Calder\u00f3n\u201d<\/strong>, en reconocimiento a la extraordinaria trayectoria deportiva del futbolista utrerano y a su estrecha vinculaci\u00f3n con la ciudad.<\/p>\n<p data-start=\"367\" data-end=\"769\">El delegado de <strong data-start=\"382\" data-end=\"419\">Deporte y Juventud, Israel Basc\u00f3n<\/strong>, ha destacado el significado de este reconocimiento se\u00f1alando que \u201chablar de <strong data-start=\"497\" data-end=\"519\">Jos\u00e9 Antonio Reyes<\/strong> es hablar de Utrera en su m\u00e1xima expresi\u00f3n. Creci\u00f3 en nuestras calles, so\u00f1\u00f3 con un bal\u00f3n en los pies y, gracias a su talento, esfuerzo y determinaci\u00f3n, logr\u00f3 alcanzar la \u00e9lite del f\u00fatbol mundial sin perder jam\u00e1s su esencia y sus ra\u00edces utreranas\u201d.<\/p>\n<p data-start=\"771\" data-end=\"1254\">En este sentido, ha subrayado que \u201csu trayectoria deportiva es sobradamente conocida y admirada, convirti\u00e9ndose en uno de los futbolistas espa\u00f1oles m\u00e1s laureados de su generaci\u00f3n\u201d, destacando adem\u00e1s que \u201cm\u00e1s all\u00e1 de los \u00e9xitos deportivos, representa el orgullo de pertenecer a un pueblo, en cada estadio, en cada partido, en cada celebraci\u00f3n, siempre estuvo presente el nombre de <strong data-start=\"1151\" data-end=\"1161\">Utrera<\/strong>, reivindicando sus or\u00edgenes y convirti\u00e9ndose en un aut\u00e9ntico embajador de nuestra ciudad\u201d.<\/p>\n<p data-start=\"1256\" data-end=\"1628\">El nuevo nombre del estadio supone un homenaje permanente a una de las figuras m\u00e1s destacadas del f\u00fatbol espa\u00f1ol de las \u00faltimas d\u00e9cadas. Tal y como ha explicado Basc\u00f3n, \u201csu recuerdo permanece vivo en la memoria colectiva, en cada conversaci\u00f3n, en cada ni\u00f1o que juega so\u00f1ando con seguir sus pasos, en cada rinc\u00f3n donde su nombre sigue resonando con respeto y admiraci\u00f3n\u201d.<\/p>\n<p data-start=\"1630\" data-end=\"2022\">El acuerdo aprobado contempla, adem\u00e1s, la inscripci\u00f3n de la nueva denominaci\u00f3n en el <strong data-start=\"1715\" data-end=\"1756\">Inventario de Bienes del Ayuntamiento<\/strong> y la colocaci\u00f3n de la correspondiente placa identificativa en el estadio. Asimismo, el Consistorio organizar\u00e1 un acto institucional de homenaje, que contar\u00e1 con la familia y amigos de Jos\u00e9 Antonio Reyes, quienes han agradecido al Ayuntamiento este reconocimiento.<\/p>\n<p data-start=\"2024\" data-end=\"2544\" data-is-last-node=\"\" data-is-only-node=\"\">Sobre el alcance de esta decisi\u00f3n, el delegado ha indicado que \u201cnombrar un espacio p\u00fablico en su honor no es solo un gesto simb\u00f3lico, sino un acto de transmisi\u00f3n de valores, reconocimiento hist\u00f3rico y compromiso con las generaciones futuras\u201d. En esta misma l\u00ednea, ha a\u00f1adido que \u201cvincular su nombre a un espacio de estas caracter\u00edsticas es especialmente significativo y coherente con su legado; es convertirlo en algo tangible, visible y duradero, es garantizar que cada ni\u00f1o que cruce sus puertas recuerde su historia\u201d.<\/p>","protected":false},"excerpt":{"rendered":"<p>El Pleno del Ayuntamiento de Utrera, en su sesi\u00f3n ordinaria correspondiente al mes de abril, ha aprobado por unanimidad el nombramiento del actual Estadio Municipal de Vistalegre como \u201cEstadio Municipal Jos\u00e9 Antonio Reyes Calder\u00f3n\u201d, en reconocimiento a la extraordinaria trayectoria deportiva del futbolista utrerano y a su estrecha vinculaci\u00f3n con la ciudad. El delegado de [&hellip;]<\/p>\n","protected":false},"author":15,"featured_media":64213,"comment_status":"closed","ping_status":"closed","sticky":false,"template":"","format":"standard","meta":{"_et_pb_use_builder":"","_et_pb_old_content":"","_et_gb_content_width":"","footnotes":""},"categories":[1],"tags":[],"class_list":["post-64212","post","type-post","status-publish","format-standard","has-post-thumbnail","hentry","category-noticias-municipales","et-has-post-format-content","et_post_format-et-post-format-standard"],"yoast_head":"<!-- This site is optimized with the Yoast SEO plugin v27.3 - https:\/\/yoast.com\/product\/yoast-seo-wordpress\/ -->\n<title>Utrera nombrar\u00e1 el Estadio de Vistalegre como Jos\u00e9 Antonio Reyes<\/title>\n<meta name=\"description\" content=\"El Pleno de Utrera aprueba por unanimidad renombrar el Estadio Municipal de Vistalegre en homenaje al futbolista utrerano Jos\u00e9 Antonio Reyes.\" \/>\n<meta name=\"robots\" content=\"index, follow, max-snippet:-1, max-image-preview:large, max-video-preview:-1\" \/>\n<link rel=\"canonical\" href=\"https:\/\/www.utrera.org\/en\/estadio-vistalegre-jose-antonio-reyes-utrera\/\" \/>\n<meta property=\"og:locale\" content=\"en_GB\" \/>\n<meta property=\"og:type\" content=\"article\" \/>\n<meta property=\"og:title\" content=\"Utrera nombrar\u00e1 el Estadio de Vistalegre como Jos\u00e9 Antonio Reyes\" \/>\n<meta property=\"og:description\" content=\"El Pleno de Utrera aprueba por unanimidad renombrar el Estadio Municipal de Vistalegre en homenaje al futbolista utrerano Jos\u00e9 Antonio Reyes.\" \/>\n<meta property=\"og:url\" content=\"https:\/\/www.utrera.org\/en\/estadio-vistalegre-jose-antonio-reyes-utrera\/\" \/>\n<meta property=\"og:site_name\" content=\"Ayuntamiento de Utrera\" \/>\n<meta property=\"article:publisher\" content=\"https:\/\/www.facebook.com\/AyuntamientodeUtrera\/\" \/>\n<meta property=\"article:published_time\" content=\"2026-04-30T09:25:46+00:00\" \/>\n<meta property=\"og:image\" content=\"https:\/\/www.utrera.org\/wp-content\/uploads\/2026\/04\/pleno-abril-scaled.jpeg\" \/>\n\t<meta property=\"og:image:width\" content=\"2560\" \/>\n\t<meta property=\"og:image:height\" content=\"1437\" \/>\n\t<meta property=\"og:image:type\" content=\"image\/jpeg\" \/>\n<meta name=\"author\" content=\"Ayuntamiento de Utrera\" \/>\n<meta name=\"twitter:card\" content=\"summary_large_image\" \/>\n<meta name=\"twitter:creator\" content=\"@CiudadUtrera\" \/>\n<meta name=\"twitter:site\" content=\"@CiudadUtrera\" \/>\n<meta name=\"twitter:label1\" content=\"Written by\" \/>\n\t<meta name=\"twitter:data1\" content=\"Ayuntamiento de Utrera\" \/>\n\t<meta name=\"twitter:label2\" content=\"Est. reading time\" \/>\n\t<meta name=\"twitter:data2\" content=\"2 minutes\" \/>\n<script type=\"application\/ld+json\" class=\"yoast-schema-graph\">{\"@context\":\"https:\\\/\\\/schema.org\",\"@graph\":[{\"@type\":\"Article\",\"@id\":\"https:\\\/\\\/www.utrera.org\\\/estadio-vistalegre-jose-antonio-reyes-utrera\\\/#article\",\"isPartOf\":{\"@id\":\"https:\\\/\\\/www.utrera.org\\\/estadio-vistalegre-jose-antonio-reyes-utrera\\\/\"},\"author\":{\"name\":\"Ayuntamiento de Utrera\",\"@id\":\"https:\\\/\\\/www.utrera.org\\\/#\\\/schema\\\/person\\\/e0aad5103777e9e4ce3f8a5100195eef\"},\"headline\":\"Utrera rinde homenaje a Jos\u00e9 Antonio Reyes dando su nombre al Estadio Municipal de Vistalegre\",\"datePublished\":\"2026-04-30T09:25:46+00:00\",\"mainEntityOfPage\":{\"@id\":\"https:\\\/\\\/www.utrera.org\\\/estadio-vistalegre-jose-antonio-reyes-utrera\\\/\"},\"wordCount\":449,\"image\":{\"@id\":\"https:\\\/\\\/www.utrera.org\\\/estadio-vistalegre-jose-antonio-reyes-utrera\\\/#primaryimage\"},\"thumbnailUrl\":\"https:\\\/\\\/www.utrera.org\\\/wp-content\\\/uploads\\\/2026\\\/04\\\/pleno-abril-scaled.jpeg\",\"articleSection\":[\"\u200eNoticias Municipales\"],\"inLanguage\":\"en-GB\"},{\"@type\":\"WebPage\",\"@id\":\"https:\\\/\\\/www.utrera.org\\\/estadio-vistalegre-jose-antonio-reyes-utrera\\\/\",\"url\":\"https:\\\/\\\/www.utrera.org\\\/estadio-vistalegre-jose-antonio-reyes-utrera\\\/\",\"name\":\"Utrera nombrar\u00e1 el Estadio de Vistalegre como Jos\u00e9 Antonio Reyes\",\"isPartOf\":{\"@id\":\"https:\\\/\\\/www.utrera.org\\\/#website\"},\"primaryImageOfPage\":{\"@id\":\"https:\\\/\\\/www.utrera.org\\\/estadio-vistalegre-jose-antonio-reyes-utrera\\\/#primaryimage\"},\"image\":{\"@id\":\"https:\\\/\\\/www.utrera.org\\\/estadio-vistalegre-jose-antonio-reyes-utrera\\\/#primaryimage\"},\"thumbnailUrl\":\"https:\\\/\\\/www.utrera.org\\\/wp-content\\\/uploads\\\/2026\\\/04\\\/pleno-abril-scaled.jpeg\",\"datePublished\":\"2026-04-30T09:25:46+00:00\",\"author\":{\"@id\":\"https:\\\/\\\/www.utrera.org\\\/#\\\/schema\\\/person\\\/e0aad5103777e9e4ce3f8a5100195eef\"},\"description\":\"El Pleno de Utrera aprueba por unanimidad renombrar el Estadio Municipal de Vistalegre en homenaje al futbolista utrerano Jos\u00e9 Antonio Reyes.\",\"breadcrumb\":{\"@id\":\"https:\\\/\\\/www.utrera.org\\\/estadio-vistalegre-jose-antonio-reyes-utrera\\\/#breadcrumb\"},\"inLanguage\":\"en-GB\",\"potentialAction\":[{\"@type\":\"ReadAction\",\"target\":[\"https:\\\/\\\/www.utrera.org\\\/estadio-vistalegre-jose-antonio-reyes-utrera\\\/\"]}]},{\"@type\":\"ImageObject\",\"inLanguage\":\"en-GB\",\"@id\":\"https:\\\/\\\/www.utrera.org\\\/estadio-vistalegre-jose-antonio-reyes-utrera\\\/#primaryimage\",\"url\":\"https:\\\/\\\/www.utrera.org\\\/wp-content\\\/uploads\\\/2026\\\/04\\\/pleno-abril-scaled.jpeg\",\"contentUrl\":\"https:\\\/\\\/www.utrera.org\\\/wp-content\\\/uploads\\\/2026\\\/04\\\/pleno-abril-scaled.jpeg\",\"width\":2560,\"height\":1437,\"caption\":\"Estadio Municipal Jos\u00e9 Antonio Reyes Calder\u00f3n\"},{\"@type\":\"BreadcrumbList\",\"@id\":\"https:\\\/\\\/www.utrera.org\\\/estadio-vistalegre-jose-antonio-reyes-utrera\\\/#breadcrumb\",\"itemListElement\":[{\"@type\":\"ListItem\",\"position\":1,\"name\":\"Inicio\",\"item\":\"https:\\\/\\\/www.utrera.org\\\/\"},{\"@type\":\"ListItem\",\"position\":2,\"name\":\"Utrera rinde homenaje a Jos\u00e9 Antonio Reyes dando su nombre al Estadio Municipal de Vistalegre\"}]},{\"@type\":\"WebSite\",\"@id\":\"https:\\\/\\\/www.utrera.org\\\/#website\",\"url\":\"https:\\\/\\\/www.utrera.org\\\/\",\"name\":\"Ayuntamiento de Utrera\",\"description\":\"Web Municipal del Ayuntamiento de Utrera\",\"potentialAction\":[{\"@type\":\"SearchAction\",\"target\":{\"@type\":\"EntryPoint\",\"urlTemplate\":\"https:\\\/\\\/www.utrera.org\\\/?s={search_term_string}\"},\"query-input\":{\"@type\":\"PropertyValueSpecification\",\"valueRequired\":true,\"valueName\":\"search_term_string\"}}],\"inLanguage\":\"en-GB\"},{\"@type\":\"Person\",\"@id\":\"https:\\\/\\\/www.utrera.org\\\/#\\\/schema\\\/person\\\/e0aad5103777e9e4ce3f8a5100195eef\",\"name\":\"Ayuntamiento de Utrera\",\"image\":{\"@type\":\"ImageObject\",\"inLanguage\":\"en-GB\",\"@id\":\"https:\\\/\\\/secure.gravatar.com\\\/avatar\\\/85809c2d573a4a5a96cf61e736896a265a4d893602fcc49f190240eb2e8e010d?s=96&d=mm&r=g\",\"url\":\"https:\\\/\\\/secure.gravatar.com\\\/avatar\\\/85809c2d573a4a5a96cf61e736896a265a4d893602fcc49f190240eb2e8e010d?s=96&d=mm&r=g\",\"contentUrl\":\"https:\\\/\\\/secure.gravatar.com\\\/avatar\\\/85809c2d573a4a5a96cf61e736896a265a4d893602fcc49f190240eb2e8e010d?s=96&d=mm&r=g\",\"caption\":\"Ayuntamiento de Utrera\"},\"url\":\"https:\\\/\\\/www.utrera.org\\\/en\\\/author\\\/amontielvillena\\\/\"}]}<\/script>\n<!-- \/ Yoast SEO plugin. -->","yoast_head_json":{"title":"Utrera nombrar\u00e1 el Estadio de Vistalegre como Jos\u00e9 Antonio Reyes","description":"El Pleno de Utrera aprueba por unanimidad renombrar el Estadio Municipal de Vistalegre en homenaje al futbolista utrerano Jos\u00e9 Antonio Reyes.","robots":{"index":"index","follow":"follow","max-snippet":"max-snippet:-1","max-image-preview":"max-image-preview:large","max-video-preview":"max-video-preview:-1"},"canonical":"https:\/\/www.utrera.org\/en\/estadio-vistalegre-jose-antonio-reyes-utrera\/","og_locale":"en_GB","og_type":"article","og_title":"Utrera nombrar\u00e1 el Estadio de Vistalegre como Jos\u00e9 Antonio Reyes","og_description":"El Pleno de Utrera aprueba por unanimidad renombrar el Estadio Municipal de Vistalegre en homenaje al futbolista utrerano Jos\u00e9 Antonio Reyes.","og_url":"https:\/\/www.utrera.org\/en\/estadio-vistalegre-jose-antonio-reyes-utrera\/","og_site_name":"Ayuntamiento de Utrera","article_publisher":"https:\/\/www.facebook.com\/AyuntamientodeUtrera\/","article_published_time":"2026-04-30T09:25:46+00:00","og_image":[{"width":2560,"height":1437,"url":"https:\/\/www.utrera.org\/wp-content\/uploads\/2026\/04\/pleno-abril-scaled.jpeg","type":"image\/jpeg"}],"author":"Ayuntamiento de Utrera","twitter_card":"summary_large_image","twitter_creator":"@CiudadUtrera","twitter_site":"@CiudadUtrera","twitter_misc":{"Written by":"Ayuntamiento de Utrera","Est. reading time":"2 minutes"},"schema":{"@context":"https:\/\/schema.org","@graph":[{"@type":"Article","@id":"https:\/\/www.utrera.org\/estadio-vistalegre-jose-antonio-reyes-utrera\/#article","isPartOf":{"@id":"https:\/\/www.utrera.org\/estadio-vistalegre-jose-antonio-reyes-utrera\/"},"author":{"name":"Ayuntamiento de Utrera","@id":"https:\/\/www.utrera.org\/#\/schema\/person\/e0aad5103777e9e4ce3f8a5100195eef"},"headline":"Utrera rinde homenaje a Jos\u00e9 Antonio Reyes dando su nombre al Estadio Municipal de Vistalegre","datePublished":"2026-04-30T09:25:46+00:00","mainEntityOfPage":{"@id":"https:\/\/www.utrera.org\/estadio-vistalegre-jose-antonio-reyes-utrera\/"},"wordCount":449,"image":{"@id":"https:\/\/www.utrera.org\/estadio-vistalegre-jose-antonio-reyes-utrera\/#primaryimage"},"thumbnailUrl":"https:\/\/www.utrera.org\/wp-content\/uploads\/2026\/04\/pleno-abril-scaled.jpeg","articleSection":["\u200eNoticias Municipales"],"inLanguage":"en-GB"},{"@type":"WebPage","@id":"https:\/\/www.utrera.org\/estadio-vistalegre-jose-antonio-reyes-utrera\/","url":"https:\/\/www.utrera.org\/estadio-vistalegre-jose-antonio-reyes-utrera\/","name":"Utrera nombrar\u00e1 el Estadio de Vistalegre como Jos\u00e9 Antonio Reyes","isPartOf":{"@id":"https:\/\/www.utrera.org\/#website"},"primaryImageOfPage":{"@id":"https:\/\/www.utrera.org\/estadio-vistalegre-jose-antonio-reyes-utrera\/#primaryimage"},"image":{"@id":"https:\/\/www.utrera.org\/estadio-vistalegre-jose-antonio-reyes-utrera\/#primaryimage"},"thumbnailUrl":"https:\/\/www.utrera.org\/wp-content\/uploads\/2026\/04\/pleno-abril-scaled.jpeg","datePublished":"2026-04-30T09:25:46+00:00","author":{"@id":"https:\/\/www.utrera.org\/#\/schema\/person\/e0aad5103777e9e4ce3f8a5100195eef"},"description":"El Pleno de Utrera aprueba por unanimidad renombrar el Estadio Municipal de Vistalegre en homenaje al futbolista utrerano Jos\u00e9 Antonio Reyes.","breadcrumb":{"@id":"https:\/\/www.utrera.org\/estadio-vistalegre-jose-antonio-reyes-utrera\/#breadcrumb"},"inLanguage":"en-GB","potentialAction":[{"@type":"ReadAction","target":["https:\/\/www.utrera.org\/estadio-vistalegre-jose-antonio-reyes-utrera\/"]}]},{"@type":"ImageObject","inLanguage":"en-GB","@id":"https:\/\/www.utrera.org\/estadio-vistalegre-jose-antonio-reyes-utrera\/#primaryimage","url":"https:\/\/www.utrera.org\/wp-content\/uploads\/2026\/04\/pleno-abril-scaled.jpeg","contentUrl":"https:\/\/www.utrera.org\/wp-content\/uploads\/2026\/04\/pleno-abril-scaled.jpeg","width":2560,"height":1437,"caption":"Estadio Municipal Jos\u00e9 Antonio Reyes Calder\u00f3n"},{"@type":"BreadcrumbList","@id":"https:\/\/www.utrera.org\/estadio-vistalegre-jose-antonio-reyes-utrera\/#breadcrumb","itemListElement":[{"@type":"ListItem","position":1,"name":"Inicio","item":"https:\/\/www.utrera.org\/"},{"@type":"ListItem","position":2,"name":"Utrera rinde homenaje a Jos\u00e9 Antonio Reyes dando su nombre al Estadio Municipal de Vistalegre"}]},{"@type":"WebSite","@id":"https:\/\/www.utrera.org\/#website","url":"https:\/\/www.utrera.org\/","name":"City Council of Utrera","description":"Web Municipal del Ayuntamiento de Utrera","potentialAction":[{"@type":"SearchAction","target":{"@type":"EntryPoint","urlTemplate":"https:\/\/www.utrera.org\/?s={search_term_string}"},"query-input":{"@type":"PropertyValueSpecification","valueRequired":true,"valueName":"search_term_string"}}],"inLanguage":"en-GB"},{"@type":"Person","@id":"https:\/\/www.utrera.org\/#\/schema\/person\/e0aad5103777e9e4ce3f8a5100195eef","name":"City Council of Utrera","image":{"@type":"ImageObject","inLanguage":"en-GB","@id":"https:\/\/secure.gravatar.com\/avatar\/85809c2d573a4a5a96cf61e736896a265a4d893602fcc49f190240eb2e8e010d?s=96&d=mm&r=g","url":"https:\/\/secure.gravatar.com\/avatar\/85809c2d573a4a5a96cf61e736896a265a4d893602fcc49f190240eb2e8e010d?s=96&d=mm&r=g","contentUrl":"https:\/\/secure.gravatar.com\/avatar\/85809c2d573a4a5a96cf61e736896a265a4d893602fcc49f190240eb2e8e010d?s=96&d=mm&r=g","caption":"Ayuntamiento de Utrera"},"url":"https:\/\/www.utrera.org\/en\/author\/amontielvillena\/"}]}},"_links":{"self":[{"href":"https:\/\/www.utrera.org\/en\/wp-json\/wp\/v2\/posts\/64212","targetHints":{"allow":["GET"]}}],"collection":[{"href":"https:\/\/www.utrera.org\/en\/wp-json\/wp\/v2\/posts"}],"about":[{"href":"https:\/\/www.utrera.org\/en\/wp-json\/wp\/v2\/types\/post"}],"author":[{"embeddable":true,"href":"https:\/\/www.utrera.org\/en\/wp-json\/wp\/v2\/users\/15"}],"replies":[{"embeddable":true,"href":"https:\/\/www.utrera.org\/en\/wp-json\/wp\/v2\/comments?post=64212"}],"version-history":[{"count":1,"href":"https:\/\/www.utrera.org\/en\/wp-json\/wp\/v2\/posts\/64212\/revisions"}],"predecessor-version":[{"id":64214,"href":"https:\/\/www.utrera.org\/en\/wp-json\/wp\/v2\/posts\/64212\/revisions\/64214"}],"wp:featuredmedia":[{"embeddable":true,"href":"https:\/\/www.utrera.org\/en\/wp-json\/wp\/v2\/media\/64213"}],"wp:attachment":[{"href":"https:\/\/www.utrera.org\/en\/wp-json\/wp\/v2\/media?parent=64212"}],"wp:term":[{"taxonomy":"category","embeddable":true,"href":"https:\/\/www.utrera.org\/en\/wp-json\/wp\/v2\/categories?post=64212"},{"taxonomy":"post_tag","embeddable":true,"href":"https:\/\/www.utrera.org\/en\/wp-json\/wp\/v2\/tags?post=64212"}],"curies":[{"name":"wp","href":"https:\/\/api.w.org\/{rel}","templated":true}]}}