{"id":64209,"date":"2026-04-30T08:23:14","date_gmt":"2026-04-30T07:23:14","guid":{"rendered":"https:\/\/www.utrera.org\/?p=64209"},"modified":"2026-04-30T08:23:14","modified_gmt":"2026-04-30T07:23:14","slug":"toldos-calle-ancha-utrera-sombra-comercio","status":"publish","type":"post","link":"https:\/\/www.utrera.org\/en\/toldos-calle-ancha-utrera-sombra-comercio\/","title":{"rendered":"Comercio instala los toldos de la calle Virgen de Consolaci\u00f3n ante la llegada de las altas temperaturas"},"content":{"rendered":"<section class=\"text-token-text-primary w-full focus:outline-none [--shadow-height:45px] has-data-writing-block:pointer-events-none has-data-writing-block:-mt-(--shadow-height) has-data-writing-block:pt-(--shadow-height) [&amp;:has([data-writing-block])&gt;*]:pointer-events-auto R6Vx5W_threadScrollVars scroll-mb-[calc(var(--scroll-root-safe-area-inset-bottom,0px)+var(--thread-response-height))] scroll-mt-(--header-height)\" dir=\"auto\" data-turn-id=\"783b73b1-5dbe-4176-97de-55de0090bbbe\" data-testid=\"conversation-turn-1\" data-scroll-anchor=\"false\" data-turn=\"user\"><\/section>\n<section class=\"text-token-text-primary w-full focus:outline-none [--shadow-height:45px] has-data-writing-block:pointer-events-none has-data-writing-block:-mt-(--shadow-height) has-data-writing-block:pt-(--shadow-height) [&amp;:has([data-writing-block])&gt;*]:pointer-events-auto [content-visibility:auto] supports-[content-visibility:auto]:[contain-intrinsic-size:auto_100lvh] R6Vx5W_threadScrollVars scroll-mb-[calc(var(--scroll-root-safe-area-inset-bottom,0px)+var(--thread-response-height))] scroll-mt-[calc(var(--header-height)+min(200px,max(70px,20svh)))]\" dir=\"auto\" data-turn-id=\"request-WEB:c323dd54-3d74-42c4-8fad-4373525b608a-0\" data-testid=\"conversation-turn-2\" data-scroll-anchor=\"false\" data-turn=\"assistant\">\n<div class=\"text-base my-auto mx-auto pb-10 [--thread-content-margin:var(--thread-content-margin-xs,calc(var(--spacing)*4))] @w-sm\/main:[--thread-content-margin:var(--thread-content-margin-sm,calc(var(--spacing)*6))] @w-lg\/main:[--thread-content-margin:var(--thread-content-margin-lg,calc(var(--spacing)*16))] px-(--thread-content-margin)\">\n<div class=\"[--thread-content-max-width:40rem] @w-lg\/main:[--thread-content-max-width:48rem] mx-auto max-w-(--thread-content-max-width) flex-1 group\/turn-messages focus-visible:outline-hidden relative flex w-full min-w-0 flex-col agent-turn\">\n<div class=\"flex max-w-full flex-col gap-4 grow\">\n<div class=\"min-h-8 text-message relative flex w-full flex-col items-end gap-2 text-start break-words whitespace-normal outline-none keyboard-focused:focus-ring [.text-message+&amp;]:mt-1\" dir=\"auto\" tabindex=\"0\" data-message-author-role=\"assistant\" data-message-id=\"274776f1-c94a-4c8a-931f-f18f8d47ebe8\" data-message-model-slug=\"gpt-5-5-thinking\" data-turn-start-message=\"true\">\n<div class=\"flex w-full flex-col gap-1 empty:hidden\">\n<div class=\"markdown prose dark:prose-invert w-full wrap-break-word light markdown-new-styling\">\n<p data-start=\"0\" data-end=\"349\">Una de las <strong data-start=\"11\" data-end=\"57\">v\u00edas comerciales m\u00e1s transitadas de Utrera<\/strong>, la <strong data-start=\"62\" data-end=\"93\">calle Virgen de Consolaci\u00f3n<\/strong>, popularmente conocida como <strong data-start=\"122\" data-end=\"137\">Calle Ancha<\/strong>, ya dispone de <strong data-start=\"153\" data-end=\"187\">toldos que proporcionan sombra<\/strong>, haciendo m\u00e1s agradable el paseo y las compras en esta zona ante la llegada de las <strong data-start=\"271\" data-end=\"293\">altas temperaturas<\/strong>, y que permanecer\u00e1n instalados hasta el mes de octubre.<\/p>\n<p data-start=\"351\" data-end=\"620\">As\u00ed lo ha se\u00f1alado el concejal de Comercio, <strong data-start=\"395\" data-end=\"416\">Jos\u00e9 Mar\u00eda M\u00e9ndez<\/strong>, tras visitar los trabajos de instalaci\u00f3n, que se han desarrollado en dos fases: en primer lugar, la colocaci\u00f3n de los soportes a lo largo de toda la calle y, posteriormente, la instalaci\u00f3n de las velas.<\/p>\n<p data-start=\"622\" data-end=\"1115\">M\u00e9ndez ha destacado que \u201cel objetivo de estas instalaciones es mejorar la experiencia de quienes transitan y realizan sus compras en una de las principales arterias comerciales de Utrera\u201d. A lo que ha a\u00f1adido que \u201ccon la colocaci\u00f3n de estos toldos, no solo ofrecemos un espacio m\u00e1s confortable frente a las altas temperaturas, sino que tambi\u00e9n contribuimos a dinamizar la actividad econ\u00f3mica local, apoyando a nuestros comerciantes y haciendo m\u00e1s atractiva la calle para vecinos y visitantes\u201d.<\/p>\n<p data-start=\"1117\" data-end=\"1247\" data-is-last-node=\"\" data-is-only-node=\"\">La empresa encargada de la instalaci\u00f3n ha sido <strong data-start=\"1164\" data-end=\"1192\">X\u00edclope Visi\u00f3n de Futuro<\/strong>, con un presupuesto de <strong data-start=\"1216\" data-end=\"1246\">16.214 euros, IVA incluido<\/strong>.<\/p>\n<\/div>\n<\/div>\n<\/div>\n<\/div>\n<\/div>\n<\/div>\n<\/section>\n","protected":false},"excerpt":{"rendered":"<p>Una de las v\u00edas comerciales m\u00e1s transitadas de Utrera, la calle Virgen de Consolaci\u00f3n, popularmente conocida como Calle Ancha, ya dispone de toldos que proporcionan sombra, haciendo m\u00e1s agradable el paseo y las compras en esta zona ante la llegada de las altas temperaturas, y que permanecer\u00e1n instalados hasta el mes de octubre. As\u00ed lo [&hellip;]<\/p>\n","protected":false},"author":15,"featured_media":64210,"comment_status":"closed","ping_status":"closed","sticky":false,"template":"","format":"standard","meta":{"_et_pb_use_builder":"","_et_pb_old_content":"","_et_gb_content_width":"","footnotes":""},"categories":[1],"tags":[],"class_list":["post-64209","post","type-post","status-publish","format-standard","has-post-thumbnail","hentry","category-noticias-municipales","et-has-post-format-content","et_post_format-et-post-format-standard"],"yoast_head":"<!-- This site is optimized with the Yoast SEO plugin v27.3 - https:\/\/yoast.com\/product\/yoast-seo-wordpress\/ -->\n<title>Colocados los toldos de la calle Virgen de Consolaci\u00f3n<\/title>\n<meta name=\"description\" content=\"Utrera instala toldos en la calle Virgen de Consolaci\u00f3n para dar sombra, mejorar la experiencia de compra y apoyar al comercio local.\" \/>\n<meta name=\"robots\" content=\"index, follow, max-snippet:-1, max-image-preview:large, max-video-preview:-1\" \/>\n<link rel=\"canonical\" href=\"https:\/\/www.utrera.org\/en\/toldos-calle-ancha-utrera-sombra-comercio\/\" \/>\n<meta property=\"og:locale\" content=\"en_GB\" \/>\n<meta property=\"og:type\" content=\"article\" \/>\n<meta property=\"og:title\" content=\"Colocados los toldos de la calle Virgen de Consolaci\u00f3n\" \/>\n<meta property=\"og:description\" content=\"Utrera instala toldos en la calle Virgen de Consolaci\u00f3n para dar sombra, mejorar la experiencia de compra y apoyar al comercio local.\" \/>\n<meta property=\"og:url\" content=\"https:\/\/www.utrera.org\/en\/toldos-calle-ancha-utrera-sombra-comercio\/\" \/>\n<meta property=\"og:site_name\" content=\"Ayuntamiento de Utrera\" \/>\n<meta property=\"article:publisher\" content=\"https:\/\/www.facebook.com\/AyuntamientodeUtrera\/\" \/>\n<meta property=\"article:published_time\" content=\"2026-04-30T07:23:14+00:00\" \/>\n<meta property=\"og:image\" content=\"https:\/\/www.utrera.org\/wp-content\/uploads\/2026\/04\/toldos-calle-ancha-scaled.jpeg\" \/>\n\t<meta property=\"og:image:width\" content=\"2560\" \/>\n\t<meta property=\"og:image:height\" content=\"1437\" \/>\n\t<meta property=\"og:image:type\" content=\"image\/jpeg\" \/>\n<meta name=\"author\" content=\"Ayuntamiento de Utrera\" \/>\n<meta name=\"twitter:card\" content=\"summary_large_image\" \/>\n<meta name=\"twitter:creator\" content=\"@CiudadUtrera\" \/>\n<meta name=\"twitter:site\" content=\"@CiudadUtrera\" \/>\n<meta name=\"twitter:label1\" content=\"Written by\" \/>\n\t<meta name=\"twitter:data1\" content=\"Ayuntamiento de Utrera\" \/>\n\t<meta name=\"twitter:label2\" content=\"Est. reading time\" \/>\n\t<meta name=\"twitter:data2\" content=\"2 minutes\" \/>\n<script type=\"application\/ld+json\" class=\"yoast-schema-graph\">{\"@context\":\"https:\\\/\\\/schema.org\",\"@graph\":[{\"@type\":\"Article\",\"@id\":\"https:\\\/\\\/www.utrera.org\\\/toldos-calle-ancha-utrera-sombra-comercio\\\/#article\",\"isPartOf\":{\"@id\":\"https:\\\/\\\/www.utrera.org\\\/toldos-calle-ancha-utrera-sombra-comercio\\\/\"},\"author\":{\"name\":\"Ayuntamiento de Utrera\",\"@id\":\"https:\\\/\\\/www.utrera.org\\\/#\\\/schema\\\/person\\\/e0aad5103777e9e4ce3f8a5100195eef\"},\"headline\":\"Comercio instala los toldos de la calle Virgen de Consolaci\u00f3n ante la llegada de las altas temperaturas\",\"datePublished\":\"2026-04-30T07:23:14+00:00\",\"mainEntityOfPage\":{\"@id\":\"https:\\\/\\\/www.utrera.org\\\/toldos-calle-ancha-utrera-sombra-comercio\\\/\"},\"wordCount\":234,\"image\":{\"@id\":\"https:\\\/\\\/www.utrera.org\\\/toldos-calle-ancha-utrera-sombra-comercio\\\/#primaryimage\"},\"thumbnailUrl\":\"https:\\\/\\\/www.utrera.org\\\/wp-content\\\/uploads\\\/2026\\\/04\\\/toldos-calle-ancha-scaled.jpeg\",\"articleSection\":[\"\u200eNoticias Municipales\"],\"inLanguage\":\"en-GB\"},{\"@type\":\"WebPage\",\"@id\":\"https:\\\/\\\/www.utrera.org\\\/toldos-calle-ancha-utrera-sombra-comercio\\\/\",\"url\":\"https:\\\/\\\/www.utrera.org\\\/toldos-calle-ancha-utrera-sombra-comercio\\\/\",\"name\":\"Colocados los toldos de la calle Virgen de Consolaci\u00f3n\",\"isPartOf\":{\"@id\":\"https:\\\/\\\/www.utrera.org\\\/#website\"},\"primaryImageOfPage\":{\"@id\":\"https:\\\/\\\/www.utrera.org\\\/toldos-calle-ancha-utrera-sombra-comercio\\\/#primaryimage\"},\"image\":{\"@id\":\"https:\\\/\\\/www.utrera.org\\\/toldos-calle-ancha-utrera-sombra-comercio\\\/#primaryimage\"},\"thumbnailUrl\":\"https:\\\/\\\/www.utrera.org\\\/wp-content\\\/uploads\\\/2026\\\/04\\\/toldos-calle-ancha-scaled.jpeg\",\"datePublished\":\"2026-04-30T07:23:14+00:00\",\"author\":{\"@id\":\"https:\\\/\\\/www.utrera.org\\\/#\\\/schema\\\/person\\\/e0aad5103777e9e4ce3f8a5100195eef\"},\"description\":\"Utrera instala toldos en la calle Virgen de Consolaci\u00f3n para dar sombra, mejorar la experiencia de compra y apoyar al comercio local.\",\"breadcrumb\":{\"@id\":\"https:\\\/\\\/www.utrera.org\\\/toldos-calle-ancha-utrera-sombra-comercio\\\/#breadcrumb\"},\"inLanguage\":\"en-GB\",\"potentialAction\":[{\"@type\":\"ReadAction\",\"target\":[\"https:\\\/\\\/www.utrera.org\\\/toldos-calle-ancha-utrera-sombra-comercio\\\/\"]}]},{\"@type\":\"ImageObject\",\"inLanguage\":\"en-GB\",\"@id\":\"https:\\\/\\\/www.utrera.org\\\/toldos-calle-ancha-utrera-sombra-comercio\\\/#primaryimage\",\"url\":\"https:\\\/\\\/www.utrera.org\\\/wp-content\\\/uploads\\\/2026\\\/04\\\/toldos-calle-ancha-scaled.jpeg\",\"contentUrl\":\"https:\\\/\\\/www.utrera.org\\\/wp-content\\\/uploads\\\/2026\\\/04\\\/toldos-calle-ancha-scaled.jpeg\",\"width\":2560,\"height\":1437,\"caption\":\"Toldos calle Virgen de Consolaci\u00f3n\"},{\"@type\":\"BreadcrumbList\",\"@id\":\"https:\\\/\\\/www.utrera.org\\\/toldos-calle-ancha-utrera-sombra-comercio\\\/#breadcrumb\",\"itemListElement\":[{\"@type\":\"ListItem\",\"position\":1,\"name\":\"Inicio\",\"item\":\"https:\\\/\\\/www.utrera.org\\\/\"},{\"@type\":\"ListItem\",\"position\":2,\"name\":\"Comercio instala los toldos de la calle Virgen de Consolaci\u00f3n ante la llegada de las altas temperaturas\"}]},{\"@type\":\"WebSite\",\"@id\":\"https:\\\/\\\/www.utrera.org\\\/#website\",\"url\":\"https:\\\/\\\/www.utrera.org\\\/\",\"name\":\"Ayuntamiento de Utrera\",\"description\":\"Web Municipal del Ayuntamiento de Utrera\",\"potentialAction\":[{\"@type\":\"SearchAction\",\"target\":{\"@type\":\"EntryPoint\",\"urlTemplate\":\"https:\\\/\\\/www.utrera.org\\\/?s={search_term_string}\"},\"query-input\":{\"@type\":\"PropertyValueSpecification\",\"valueRequired\":true,\"valueName\":\"search_term_string\"}}],\"inLanguage\":\"en-GB\"},{\"@type\":\"Person\",\"@id\":\"https:\\\/\\\/www.utrera.org\\\/#\\\/schema\\\/person\\\/e0aad5103777e9e4ce3f8a5100195eef\",\"name\":\"Ayuntamiento de Utrera\",\"image\":{\"@type\":\"ImageObject\",\"inLanguage\":\"en-GB\",\"@id\":\"https:\\\/\\\/secure.gravatar.com\\\/avatar\\\/85809c2d573a4a5a96cf61e736896a265a4d893602fcc49f190240eb2e8e010d?s=96&d=mm&r=g\",\"url\":\"https:\\\/\\\/secure.gravatar.com\\\/avatar\\\/85809c2d573a4a5a96cf61e736896a265a4d893602fcc49f190240eb2e8e010d?s=96&d=mm&r=g\",\"contentUrl\":\"https:\\\/\\\/secure.gravatar.com\\\/avatar\\\/85809c2d573a4a5a96cf61e736896a265a4d893602fcc49f190240eb2e8e010d?s=96&d=mm&r=g\",\"caption\":\"Ayuntamiento de Utrera\"},\"url\":\"https:\\\/\\\/www.utrera.org\\\/en\\\/author\\\/amontielvillena\\\/\"}]}<\/script>\n<!-- \/ Yoast SEO plugin. -->","yoast_head_json":{"title":"Colocados los toldos de la calle Virgen de Consolaci\u00f3n","description":"Utrera instala toldos en la calle Virgen de Consolaci\u00f3n para dar sombra, mejorar la experiencia de compra y apoyar al comercio local.","robots":{"index":"index","follow":"follow","max-snippet":"max-snippet:-1","max-image-preview":"max-image-preview:large","max-video-preview":"max-video-preview:-1"},"canonical":"https:\/\/www.utrera.org\/en\/toldos-calle-ancha-utrera-sombra-comercio\/","og_locale":"en_GB","og_type":"article","og_title":"Colocados los toldos de la calle Virgen de Consolaci\u00f3n","og_description":"Utrera instala toldos en la calle Virgen de Consolaci\u00f3n para dar sombra, mejorar la experiencia de compra y apoyar al comercio local.","og_url":"https:\/\/www.utrera.org\/en\/toldos-calle-ancha-utrera-sombra-comercio\/","og_site_name":"Ayuntamiento de Utrera","article_publisher":"https:\/\/www.facebook.com\/AyuntamientodeUtrera\/","article_published_time":"2026-04-30T07:23:14+00:00","og_image":[{"width":2560,"height":1437,"url":"https:\/\/www.utrera.org\/wp-content\/uploads\/2026\/04\/toldos-calle-ancha-scaled.jpeg","type":"image\/jpeg"}],"author":"Ayuntamiento de Utrera","twitter_card":"summary_large_image","twitter_creator":"@CiudadUtrera","twitter_site":"@CiudadUtrera","twitter_misc":{"Written by":"Ayuntamiento de Utrera","Est. reading time":"2 minutes"},"schema":{"@context":"https:\/\/schema.org","@graph":[{"@type":"Article","@id":"https:\/\/www.utrera.org\/toldos-calle-ancha-utrera-sombra-comercio\/#article","isPartOf":{"@id":"https:\/\/www.utrera.org\/toldos-calle-ancha-utrera-sombra-comercio\/"},"author":{"name":"Ayuntamiento de Utrera","@id":"https:\/\/www.utrera.org\/#\/schema\/person\/e0aad5103777e9e4ce3f8a5100195eef"},"headline":"Comercio instala los toldos de la calle Virgen de Consolaci\u00f3n ante la llegada de las altas temperaturas","datePublished":"2026-04-30T07:23:14+00:00","mainEntityOfPage":{"@id":"https:\/\/www.utrera.org\/toldos-calle-ancha-utrera-sombra-comercio\/"},"wordCount":234,"image":{"@id":"https:\/\/www.utrera.org\/toldos-calle-ancha-utrera-sombra-comercio\/#primaryimage"},"thumbnailUrl":"https:\/\/www.utrera.org\/wp-content\/uploads\/2026\/04\/toldos-calle-ancha-scaled.jpeg","articleSection":["\u200eNoticias Municipales"],"inLanguage":"en-GB"},{"@type":"WebPage","@id":"https:\/\/www.utrera.org\/toldos-calle-ancha-utrera-sombra-comercio\/","url":"https:\/\/www.utrera.org\/toldos-calle-ancha-utrera-sombra-comercio\/","name":"Colocados los toldos de la calle Virgen de Consolaci\u00f3n","isPartOf":{"@id":"https:\/\/www.utrera.org\/#website"},"primaryImageOfPage":{"@id":"https:\/\/www.utrera.org\/toldos-calle-ancha-utrera-sombra-comercio\/#primaryimage"},"image":{"@id":"https:\/\/www.utrera.org\/toldos-calle-ancha-utrera-sombra-comercio\/#primaryimage"},"thumbnailUrl":"https:\/\/www.utrera.org\/wp-content\/uploads\/2026\/04\/toldos-calle-ancha-scaled.jpeg","datePublished":"2026-04-30T07:23:14+00:00","author":{"@id":"https:\/\/www.utrera.org\/#\/schema\/person\/e0aad5103777e9e4ce3f8a5100195eef"},"description":"Utrera instala toldos en la calle Virgen de Consolaci\u00f3n para dar sombra, mejorar la experiencia de compra y apoyar al comercio local.","breadcrumb":{"@id":"https:\/\/www.utrera.org\/toldos-calle-ancha-utrera-sombra-comercio\/#breadcrumb"},"inLanguage":"en-GB","potentialAction":[{"@type":"ReadAction","target":["https:\/\/www.utrera.org\/toldos-calle-ancha-utrera-sombra-comercio\/"]}]},{"@type":"ImageObject","inLanguage":"en-GB","@id":"https:\/\/www.utrera.org\/toldos-calle-ancha-utrera-sombra-comercio\/#primaryimage","url":"https:\/\/www.utrera.org\/wp-content\/uploads\/2026\/04\/toldos-calle-ancha-scaled.jpeg","contentUrl":"https:\/\/www.utrera.org\/wp-content\/uploads\/2026\/04\/toldos-calle-ancha-scaled.jpeg","width":2560,"height":1437,"caption":"Toldos calle Virgen de Consolaci\u00f3n"},{"@type":"BreadcrumbList","@id":"https:\/\/www.utrera.org\/toldos-calle-ancha-utrera-sombra-comercio\/#breadcrumb","itemListElement":[{"@type":"ListItem","position":1,"name":"Inicio","item":"https:\/\/www.utrera.org\/"},{"@type":"ListItem","position":2,"name":"Comercio instala los toldos de la calle Virgen de Consolaci\u00f3n ante la llegada de las altas temperaturas"}]},{"@type":"WebSite","@id":"https:\/\/www.utrera.org\/#website","url":"https:\/\/www.utrera.org\/","name":"City Council of Utrera","description":"Web Municipal del Ayuntamiento de Utrera","potentialAction":[{"@type":"SearchAction","target":{"@type":"EntryPoint","urlTemplate":"https:\/\/www.utrera.org\/?s={search_term_string}"},"query-input":{"@type":"PropertyValueSpecification","valueRequired":true,"valueName":"search_term_string"}}],"inLanguage":"en-GB"},{"@type":"Person","@id":"https:\/\/www.utrera.org\/#\/schema\/person\/e0aad5103777e9e4ce3f8a5100195eef","name":"City Council of Utrera","image":{"@type":"ImageObject","inLanguage":"en-GB","@id":"https:\/\/secure.gravatar.com\/avatar\/85809c2d573a4a5a96cf61e736896a265a4d893602fcc49f190240eb2e8e010d?s=96&d=mm&r=g","url":"https:\/\/secure.gravatar.com\/avatar\/85809c2d573a4a5a96cf61e736896a265a4d893602fcc49f190240eb2e8e010d?s=96&d=mm&r=g","contentUrl":"https:\/\/secure.gravatar.com\/avatar\/85809c2d573a4a5a96cf61e736896a265a4d893602fcc49f190240eb2e8e010d?s=96&d=mm&r=g","caption":"Ayuntamiento de Utrera"},"url":"https:\/\/www.utrera.org\/en\/author\/amontielvillena\/"}]}},"_links":{"self":[{"href":"https:\/\/www.utrera.org\/en\/wp-json\/wp\/v2\/posts\/64209","targetHints":{"allow":["GET"]}}],"collection":[{"href":"https:\/\/www.utrera.org\/en\/wp-json\/wp\/v2\/posts"}],"about":[{"href":"https:\/\/www.utrera.org\/en\/wp-json\/wp\/v2\/types\/post"}],"author":[{"embeddable":true,"href":"https:\/\/www.utrera.org\/en\/wp-json\/wp\/v2\/users\/15"}],"replies":[{"embeddable":true,"href":"https:\/\/www.utrera.org\/en\/wp-json\/wp\/v2\/comments?post=64209"}],"version-history":[{"count":1,"href":"https:\/\/www.utrera.org\/en\/wp-json\/wp\/v2\/posts\/64209\/revisions"}],"predecessor-version":[{"id":64211,"href":"https:\/\/www.utrera.org\/en\/wp-json\/wp\/v2\/posts\/64209\/revisions\/64211"}],"wp:featuredmedia":[{"embeddable":true,"href":"https:\/\/www.utrera.org\/en\/wp-json\/wp\/v2\/media\/64210"}],"wp:attachment":[{"href":"https:\/\/www.utrera.org\/en\/wp-json\/wp\/v2\/media?parent=64209"}],"wp:term":[{"taxonomy":"category","embeddable":true,"href":"https:\/\/www.utrera.org\/en\/wp-json\/wp\/v2\/categories?post=64209"},{"taxonomy":"post_tag","embeddable":true,"href":"https:\/\/www.utrera.org\/en\/wp-json\/wp\/v2\/tags?post=64209"}],"curies":[{"name":"wp","href":"https:\/\/api.w.org\/{rel}","templated":true}]}}