{"id":64188,"date":"2026-04-28T12:37:00","date_gmt":"2026-04-28T11:37:00","guid":{"rendered":"https:\/\/www.utrera.org\/?p=64188"},"modified":"2026-04-28T12:37:00","modified_gmt":"2026-04-28T11:37:00","slug":"gasolinera-plenoil-utrerra-tramitacion-pastorcito","status":"publish","type":"post","link":"https:\/\/www.utrera.org\/en\/gasolinera-plenoil-utrerra-tramitacion-pastorcito\/","title":{"rendered":"En breve se inaugurar\u00e1 un aparcamiento gratuito en la zona del Pastorcito, junto a la nueva gasolinera"},"content":{"rendered":"<p data-start=\"86\" data-end=\"304\">La delegada de Urbanismo, <strong data-start=\"112\" data-end=\"131\">M.\u00aa Luisa Reina<\/strong>, ha informado hoy en rueda de prensa sobre c\u00f3mo se ha llevado a cabo la tramitaci\u00f3n para la instalaci\u00f3n de una gasolinera de la empresa Plenoil en la zona del Pastorcito.<\/p>\n<p data-start=\"306\" data-end=\"755\">Es en el anterior mandato, concretamente el <strong data-start=\"350\" data-end=\"378\">15 de septiembre de 2022<\/strong>, cuando la empresa solicita al Ayuntamiento de Utrera licencia de obra para el proyecto de construcci\u00f3n de la gasolinera. Una instalaci\u00f3n que, un a\u00f1o antes, ya comenz\u00f3 a tramitarse por parte de la empresa en las inmediaciones del supermercado Carmela. Finalmente, la empresa decide cambiar de ubicaci\u00f3n y elige la parcela de la calle Jilguero, en la barriada del Pastorcito.<\/p>\n<p data-start=\"757\" data-end=\"1152\">Con fecha <strong data-start=\"767\" data-end=\"792\">27 de octubre de 2022<\/strong>, a\u00fan con el gobierno del Partido Socialista, y a petici\u00f3n de la empresa Plenoil, se solicitan informes de Participaci\u00f3n Ciudadana, Movilidad y Seguridad Ciudadana, resultando todos favorables. A partir de ah\u00ed, se van realizando todos los informes sectoriales, como los de Huesna y Carreteras, entre otros, adem\u00e1s de los preceptivos de la Junta de Andaluc\u00eda.<\/p>\n<p data-start=\"1154\" data-end=\"1366\">La delegada de Urbanismo recuerda que \u201cla empresa cumple con todos los requisitos que establece la ley y la normativa ambiental para este tipo de instalaciones, por lo que no se puede desautorizar el proyecto\u201d.<\/p>\n<p data-start=\"1368\" data-end=\"1871\">Es el <strong data-start=\"1374\" data-end=\"1401\">17 de diciembre de 2024<\/strong> cuando se aprueba un convenio urban\u00edstico de gesti\u00f3n entre el Ayuntamiento de Utrera y la empresa Plenoil S.L., firmado por el alcalde, Francisco Jim\u00e9nez, sobre las parcelas en las que se va a instalar la empresa y la colindante, que es de titularidad municipal. Gracias a este convenio, la empresa se ha comprometido a la creaci\u00f3n de una zona de aparcamiento en la parcela propiedad del Ayuntamiento, anexa a la gasolinera, as\u00ed como al cierre perimetral de la misma.<\/p>\n<p data-start=\"1873\" data-end=\"2268\">A la creaci\u00f3n del parking, con cargo a la empresa, as\u00ed como a un rebaje en la esquina de la parcela de la calle Jilguero para facilitar el aparcamiento y mejorar el tr\u00e1fico de veh\u00edculos, se suma la creaci\u00f3n de un acceso libre destinado al paso peatonal a trav\u00e9s de los aparcamientos y la gasolinera, con el fin de acortar el camino a las personas que deseen acceder, por ejemplo, al instituto.<\/p>\n<p data-start=\"2270\" data-end=\"2485\">En este sentido, M.\u00aa Luisa Reina ha anunciado que el alcalde ha mantenido tambi\u00e9n una reuni\u00f3n con Endesa, en la que la empresa el\u00e9ctrica se ha comprometido al soterramiento de los cables a\u00e9reos pr\u00f3ximos a la zona.<\/p>\n<p data-start=\"2487\" data-end=\"2866\">La licencia para la construcci\u00f3n de la gasolinera se concede el <strong data-start=\"2551\" data-end=\"2578\">30 de diciembre de 2025<\/strong>. En este sentido, la responsable de Urbanismo manifiesta que \u201csi una empresa cumple todo lo que la ley exige, el Ayuntamiento no puede negarse a permitirle la instalaci\u00f3n y desarrollar su actividad, como ocurre en este caso, porque incurrir\u00edamos en un posible delito de prevaricaci\u00f3n\u201d.<\/p>\n<p data-start=\"2868\" data-end=\"3399\">En cuanto a los posibles problemas con el tr\u00e1fico, M.\u00aa Luisa Reina se\u00f1ala que estos se vienen dando con la entrada y salida de los alumnos en todos los lugares en los que hay institutos y centros escolares, no solo en esta zona. Se\u00f1ala que, aunque la gasolinera ya ha comenzado a funcionar, el aparcamiento a\u00fan no lo ha hecho, \u201cpero en cuanto se ponga en servicio, probablemente la pr\u00f3xima semana, podr\u00e1 comprobarse c\u00f3mo el aumento de las plazas de estacionamiento y el resto de mejoras har\u00e1n que el tr\u00e1fico mejore en esta zona\u201d.<\/p>","protected":false},"excerpt":{"rendered":"<p>La delegada de Urbanismo, M.\u00aa Luisa Reina, ha informado hoy en rueda de prensa sobre c\u00f3mo se ha llevado a cabo la tramitaci\u00f3n para la instalaci\u00f3n de una gasolinera de la empresa Plenoil en la zona del Pastorcito. Es en el anterior mandato, concretamente el 15 de septiembre de 2022, cuando la empresa solicita al [&hellip;]<\/p>\n","protected":false},"author":15,"featured_media":64189,"comment_status":"closed","ping_status":"closed","sticky":false,"template":"","format":"standard","meta":{"_et_pb_use_builder":"","_et_pb_old_content":"","_et_gb_content_width":"","footnotes":""},"categories":[1],"tags":[],"class_list":["post-64188","post","type-post","status-publish","format-standard","has-post-thumbnail","hentry","category-noticias-municipales","et-has-post-format-content","et_post_format-et-post-format-standard"],"yoast_head":"<!-- This site is optimized with the Yoast SEO plugin v27.3 - https:\/\/yoast.com\/product\/yoast-seo-wordpress\/ -->\n<title>Utrera explica la tramitaci\u00f3n de la gasolinera de Plenoil<\/title>\n<meta name=\"description\" content=\"El Ayuntamiento detalla el proceso administrativo y urban\u00edstico para la instalaci\u00f3n de la gasolinera de Plenoil en la barriada del Pastorcito.\" \/>\n<meta name=\"robots\" content=\"index, follow, max-snippet:-1, max-image-preview:large, max-video-preview:-1\" \/>\n<link rel=\"canonical\" href=\"https:\/\/www.utrera.org\/en\/gasolinera-plenoil-utrerra-tramitacion-pastorcito\/\" \/>\n<meta property=\"og:locale\" content=\"en_GB\" \/>\n<meta property=\"og:type\" content=\"article\" \/>\n<meta property=\"og:title\" content=\"Utrera explica la tramitaci\u00f3n de la gasolinera de Plenoil\" \/>\n<meta property=\"og:description\" content=\"El Ayuntamiento detalla el proceso administrativo y urban\u00edstico para la instalaci\u00f3n de la gasolinera de Plenoil en la barriada del Pastorcito.\" \/>\n<meta property=\"og:url\" content=\"https:\/\/www.utrera.org\/en\/gasolinera-plenoil-utrerra-tramitacion-pastorcito\/\" \/>\n<meta property=\"og:site_name\" content=\"Ayuntamiento de Utrera\" \/>\n<meta property=\"article:publisher\" content=\"https:\/\/www.facebook.com\/AyuntamientodeUtrera\/\" \/>\n<meta property=\"article:published_time\" content=\"2026-04-28T11:37:00+00:00\" \/>\n<meta property=\"og:image\" content=\"https:\/\/www.utrera.org\/wp-content\/uploads\/2026\/04\/WhatsApp-Image-2026-04-28-at-11.53.27-scaled.jpeg\" \/>\n\t<meta property=\"og:image:width\" content=\"2560\" \/>\n\t<meta property=\"og:image:height\" content=\"1437\" \/>\n\t<meta property=\"og:image:type\" content=\"image\/jpeg\" \/>\n<meta name=\"author\" content=\"Ayuntamiento de Utrera\" \/>\n<meta name=\"twitter:card\" content=\"summary_large_image\" \/>\n<meta name=\"twitter:creator\" content=\"@CiudadUtrera\" \/>\n<meta name=\"twitter:site\" content=\"@CiudadUtrera\" \/>\n<meta name=\"twitter:label1\" content=\"Written by\" \/>\n\t<meta name=\"twitter:data1\" content=\"Ayuntamiento de Utrera\" \/>\n\t<meta name=\"twitter:label2\" content=\"Est. reading time\" \/>\n\t<meta name=\"twitter:data2\" content=\"3 minutes\" \/>\n<script type=\"application\/ld+json\" class=\"yoast-schema-graph\">{\"@context\":\"https:\\\/\\\/schema.org\",\"@graph\":[{\"@type\":\"Article\",\"@id\":\"https:\\\/\\\/www.utrera.org\\\/gasolinera-plenoil-utrerra-tramitacion-pastorcito\\\/#article\",\"isPartOf\":{\"@id\":\"https:\\\/\\\/www.utrera.org\\\/gasolinera-plenoil-utrerra-tramitacion-pastorcito\\\/\"},\"author\":{\"name\":\"Ayuntamiento de Utrera\",\"@id\":\"https:\\\/\\\/www.utrera.org\\\/#\\\/schema\\\/person\\\/e0aad5103777e9e4ce3f8a5100195eef\"},\"headline\":\"En breve se inaugurar\u00e1 un aparcamiento gratuito en la zona del Pastorcito, junto a la nueva gasolinera\",\"datePublished\":\"2026-04-28T11:37:00+00:00\",\"mainEntityOfPage\":{\"@id\":\"https:\\\/\\\/www.utrera.org\\\/gasolinera-plenoil-utrerra-tramitacion-pastorcito\\\/\"},\"wordCount\":605,\"image\":{\"@id\":\"https:\\\/\\\/www.utrera.org\\\/gasolinera-plenoil-utrerra-tramitacion-pastorcito\\\/#primaryimage\"},\"thumbnailUrl\":\"https:\\\/\\\/www.utrera.org\\\/wp-content\\\/uploads\\\/2026\\\/04\\\/WhatsApp-Image-2026-04-28-at-11.53.27-scaled.jpeg\",\"articleSection\":[\"\u200eNoticias Municipales\"],\"inLanguage\":\"en-GB\"},{\"@type\":\"WebPage\",\"@id\":\"https:\\\/\\\/www.utrera.org\\\/gasolinera-plenoil-utrerra-tramitacion-pastorcito\\\/\",\"url\":\"https:\\\/\\\/www.utrera.org\\\/gasolinera-plenoil-utrerra-tramitacion-pastorcito\\\/\",\"name\":\"Utrera explica la tramitaci\u00f3n de la gasolinera de Plenoil\",\"isPartOf\":{\"@id\":\"https:\\\/\\\/www.utrera.org\\\/#website\"},\"primaryImageOfPage\":{\"@id\":\"https:\\\/\\\/www.utrera.org\\\/gasolinera-plenoil-utrerra-tramitacion-pastorcito\\\/#primaryimage\"},\"image\":{\"@id\":\"https:\\\/\\\/www.utrera.org\\\/gasolinera-plenoil-utrerra-tramitacion-pastorcito\\\/#primaryimage\"},\"thumbnailUrl\":\"https:\\\/\\\/www.utrera.org\\\/wp-content\\\/uploads\\\/2026\\\/04\\\/WhatsApp-Image-2026-04-28-at-11.53.27-scaled.jpeg\",\"datePublished\":\"2026-04-28T11:37:00+00:00\",\"author\":{\"@id\":\"https:\\\/\\\/www.utrera.org\\\/#\\\/schema\\\/person\\\/e0aad5103777e9e4ce3f8a5100195eef\"},\"description\":\"El Ayuntamiento detalla el proceso administrativo y urban\u00edstico para la instalaci\u00f3n de la gasolinera de Plenoil en la barriada del Pastorcito.\",\"breadcrumb\":{\"@id\":\"https:\\\/\\\/www.utrera.org\\\/gasolinera-plenoil-utrerra-tramitacion-pastorcito\\\/#breadcrumb\"},\"inLanguage\":\"en-GB\",\"potentialAction\":[{\"@type\":\"ReadAction\",\"target\":[\"https:\\\/\\\/www.utrera.org\\\/gasolinera-plenoil-utrerra-tramitacion-pastorcito\\\/\"]}]},{\"@type\":\"ImageObject\",\"inLanguage\":\"en-GB\",\"@id\":\"https:\\\/\\\/www.utrera.org\\\/gasolinera-plenoil-utrerra-tramitacion-pastorcito\\\/#primaryimage\",\"url\":\"https:\\\/\\\/www.utrera.org\\\/wp-content\\\/uploads\\\/2026\\\/04\\\/WhatsApp-Image-2026-04-28-at-11.53.27-scaled.jpeg\",\"contentUrl\":\"https:\\\/\\\/www.utrera.org\\\/wp-content\\\/uploads\\\/2026\\\/04\\\/WhatsApp-Image-2026-04-28-at-11.53.27-scaled.jpeg\",\"width\":2560,\"height\":1437,\"caption\":\"Utrera explica la tramitaci\u00f3n de la gasolinera de Plenoil en El Pastorcito\"},{\"@type\":\"BreadcrumbList\",\"@id\":\"https:\\\/\\\/www.utrera.org\\\/gasolinera-plenoil-utrerra-tramitacion-pastorcito\\\/#breadcrumb\",\"itemListElement\":[{\"@type\":\"ListItem\",\"position\":1,\"name\":\"Inicio\",\"item\":\"https:\\\/\\\/www.utrera.org\\\/\"},{\"@type\":\"ListItem\",\"position\":2,\"name\":\"En breve se inaugurar\u00e1 un aparcamiento gratuito en la zona del Pastorcito, junto a la nueva gasolinera\"}]},{\"@type\":\"WebSite\",\"@id\":\"https:\\\/\\\/www.utrera.org\\\/#website\",\"url\":\"https:\\\/\\\/www.utrera.org\\\/\",\"name\":\"Ayuntamiento de Utrera\",\"description\":\"Web Municipal del Ayuntamiento de Utrera\",\"potentialAction\":[{\"@type\":\"SearchAction\",\"target\":{\"@type\":\"EntryPoint\",\"urlTemplate\":\"https:\\\/\\\/www.utrera.org\\\/?s={search_term_string}\"},\"query-input\":{\"@type\":\"PropertyValueSpecification\",\"valueRequired\":true,\"valueName\":\"search_term_string\"}}],\"inLanguage\":\"en-GB\"},{\"@type\":\"Person\",\"@id\":\"https:\\\/\\\/www.utrera.org\\\/#\\\/schema\\\/person\\\/e0aad5103777e9e4ce3f8a5100195eef\",\"name\":\"Ayuntamiento de Utrera\",\"image\":{\"@type\":\"ImageObject\",\"inLanguage\":\"en-GB\",\"@id\":\"https:\\\/\\\/secure.gravatar.com\\\/avatar\\\/85809c2d573a4a5a96cf61e736896a265a4d893602fcc49f190240eb2e8e010d?s=96&d=mm&r=g\",\"url\":\"https:\\\/\\\/secure.gravatar.com\\\/avatar\\\/85809c2d573a4a5a96cf61e736896a265a4d893602fcc49f190240eb2e8e010d?s=96&d=mm&r=g\",\"contentUrl\":\"https:\\\/\\\/secure.gravatar.com\\\/avatar\\\/85809c2d573a4a5a96cf61e736896a265a4d893602fcc49f190240eb2e8e010d?s=96&d=mm&r=g\",\"caption\":\"Ayuntamiento de Utrera\"},\"url\":\"https:\\\/\\\/www.utrera.org\\\/en\\\/author\\\/amontielvillena\\\/\"}]}<\/script>\n<!-- \/ Yoast SEO plugin. -->","yoast_head_json":{"title":"Utrera explica la tramitaci\u00f3n de la gasolinera de Plenoil","description":"El Ayuntamiento detalla el proceso administrativo y urban\u00edstico para la instalaci\u00f3n de la gasolinera de Plenoil en la barriada del Pastorcito.","robots":{"index":"index","follow":"follow","max-snippet":"max-snippet:-1","max-image-preview":"max-image-preview:large","max-video-preview":"max-video-preview:-1"},"canonical":"https:\/\/www.utrera.org\/en\/gasolinera-plenoil-utrerra-tramitacion-pastorcito\/","og_locale":"en_GB","og_type":"article","og_title":"Utrera explica la tramitaci\u00f3n de la gasolinera de Plenoil","og_description":"El Ayuntamiento detalla el proceso administrativo y urban\u00edstico para la instalaci\u00f3n de la gasolinera de Plenoil en la barriada del Pastorcito.","og_url":"https:\/\/www.utrera.org\/en\/gasolinera-plenoil-utrerra-tramitacion-pastorcito\/","og_site_name":"Ayuntamiento de Utrera","article_publisher":"https:\/\/www.facebook.com\/AyuntamientodeUtrera\/","article_published_time":"2026-04-28T11:37:00+00:00","og_image":[{"width":2560,"height":1437,"url":"https:\/\/www.utrera.org\/wp-content\/uploads\/2026\/04\/WhatsApp-Image-2026-04-28-at-11.53.27-scaled.jpeg","type":"image\/jpeg"}],"author":"Ayuntamiento de Utrera","twitter_card":"summary_large_image","twitter_creator":"@CiudadUtrera","twitter_site":"@CiudadUtrera","twitter_misc":{"Written by":"Ayuntamiento de Utrera","Est. reading time":"3 minutes"},"schema":{"@context":"https:\/\/schema.org","@graph":[{"@type":"Article","@id":"https:\/\/www.utrera.org\/gasolinera-plenoil-utrerra-tramitacion-pastorcito\/#article","isPartOf":{"@id":"https:\/\/www.utrera.org\/gasolinera-plenoil-utrerra-tramitacion-pastorcito\/"},"author":{"name":"Ayuntamiento de Utrera","@id":"https:\/\/www.utrera.org\/#\/schema\/person\/e0aad5103777e9e4ce3f8a5100195eef"},"headline":"En breve se inaugurar\u00e1 un aparcamiento gratuito en la zona del Pastorcito, junto a la nueva gasolinera","datePublished":"2026-04-28T11:37:00+00:00","mainEntityOfPage":{"@id":"https:\/\/www.utrera.org\/gasolinera-plenoil-utrerra-tramitacion-pastorcito\/"},"wordCount":605,"image":{"@id":"https:\/\/www.utrera.org\/gasolinera-plenoil-utrerra-tramitacion-pastorcito\/#primaryimage"},"thumbnailUrl":"https:\/\/www.utrera.org\/wp-content\/uploads\/2026\/04\/WhatsApp-Image-2026-04-28-at-11.53.27-scaled.jpeg","articleSection":["\u200eNoticias Municipales"],"inLanguage":"en-GB"},{"@type":"WebPage","@id":"https:\/\/www.utrera.org\/gasolinera-plenoil-utrerra-tramitacion-pastorcito\/","url":"https:\/\/www.utrera.org\/gasolinera-plenoil-utrerra-tramitacion-pastorcito\/","name":"Utrera explica la tramitaci\u00f3n de la gasolinera de Plenoil","isPartOf":{"@id":"https:\/\/www.utrera.org\/#website"},"primaryImageOfPage":{"@id":"https:\/\/www.utrera.org\/gasolinera-plenoil-utrerra-tramitacion-pastorcito\/#primaryimage"},"image":{"@id":"https:\/\/www.utrera.org\/gasolinera-plenoil-utrerra-tramitacion-pastorcito\/#primaryimage"},"thumbnailUrl":"https:\/\/www.utrera.org\/wp-content\/uploads\/2026\/04\/WhatsApp-Image-2026-04-28-at-11.53.27-scaled.jpeg","datePublished":"2026-04-28T11:37:00+00:00","author":{"@id":"https:\/\/www.utrera.org\/#\/schema\/person\/e0aad5103777e9e4ce3f8a5100195eef"},"description":"El Ayuntamiento detalla el proceso administrativo y urban\u00edstico para la instalaci\u00f3n de la gasolinera de Plenoil en la barriada del Pastorcito.","breadcrumb":{"@id":"https:\/\/www.utrera.org\/gasolinera-plenoil-utrerra-tramitacion-pastorcito\/#breadcrumb"},"inLanguage":"en-GB","potentialAction":[{"@type":"ReadAction","target":["https:\/\/www.utrera.org\/gasolinera-plenoil-utrerra-tramitacion-pastorcito\/"]}]},{"@type":"ImageObject","inLanguage":"en-GB","@id":"https:\/\/www.utrera.org\/gasolinera-plenoil-utrerra-tramitacion-pastorcito\/#primaryimage","url":"https:\/\/www.utrera.org\/wp-content\/uploads\/2026\/04\/WhatsApp-Image-2026-04-28-at-11.53.27-scaled.jpeg","contentUrl":"https:\/\/www.utrera.org\/wp-content\/uploads\/2026\/04\/WhatsApp-Image-2026-04-28-at-11.53.27-scaled.jpeg","width":2560,"height":1437,"caption":"Utrera explica la tramitaci\u00f3n de la gasolinera de Plenoil en El Pastorcito"},{"@type":"BreadcrumbList","@id":"https:\/\/www.utrera.org\/gasolinera-plenoil-utrerra-tramitacion-pastorcito\/#breadcrumb","itemListElement":[{"@type":"ListItem","position":1,"name":"Inicio","item":"https:\/\/www.utrera.org\/"},{"@type":"ListItem","position":2,"name":"En breve se inaugurar\u00e1 un aparcamiento gratuito en la zona del Pastorcito, junto a la nueva gasolinera"}]},{"@type":"WebSite","@id":"https:\/\/www.utrera.org\/#website","url":"https:\/\/www.utrera.org\/","name":"City Council of Utrera","description":"Web Municipal del Ayuntamiento de Utrera","potentialAction":[{"@type":"SearchAction","target":{"@type":"EntryPoint","urlTemplate":"https:\/\/www.utrera.org\/?s={search_term_string}"},"query-input":{"@type":"PropertyValueSpecification","valueRequired":true,"valueName":"search_term_string"}}],"inLanguage":"en-GB"},{"@type":"Person","@id":"https:\/\/www.utrera.org\/#\/schema\/person\/e0aad5103777e9e4ce3f8a5100195eef","name":"City Council of Utrera","image":{"@type":"ImageObject","inLanguage":"en-GB","@id":"https:\/\/secure.gravatar.com\/avatar\/85809c2d573a4a5a96cf61e736896a265a4d893602fcc49f190240eb2e8e010d?s=96&d=mm&r=g","url":"https:\/\/secure.gravatar.com\/avatar\/85809c2d573a4a5a96cf61e736896a265a4d893602fcc49f190240eb2e8e010d?s=96&d=mm&r=g","contentUrl":"https:\/\/secure.gravatar.com\/avatar\/85809c2d573a4a5a96cf61e736896a265a4d893602fcc49f190240eb2e8e010d?s=96&d=mm&r=g","caption":"Ayuntamiento de Utrera"},"url":"https:\/\/www.utrera.org\/en\/author\/amontielvillena\/"}]}},"_links":{"self":[{"href":"https:\/\/www.utrera.org\/en\/wp-json\/wp\/v2\/posts\/64188","targetHints":{"allow":["GET"]}}],"collection":[{"href":"https:\/\/www.utrera.org\/en\/wp-json\/wp\/v2\/posts"}],"about":[{"href":"https:\/\/www.utrera.org\/en\/wp-json\/wp\/v2\/types\/post"}],"author":[{"embeddable":true,"href":"https:\/\/www.utrera.org\/en\/wp-json\/wp\/v2\/users\/15"}],"replies":[{"embeddable":true,"href":"https:\/\/www.utrera.org\/en\/wp-json\/wp\/v2\/comments?post=64188"}],"version-history":[{"count":1,"href":"https:\/\/www.utrera.org\/en\/wp-json\/wp\/v2\/posts\/64188\/revisions"}],"predecessor-version":[{"id":64190,"href":"https:\/\/www.utrera.org\/en\/wp-json\/wp\/v2\/posts\/64188\/revisions\/64190"}],"wp:featuredmedia":[{"embeddable":true,"href":"https:\/\/www.utrera.org\/en\/wp-json\/wp\/v2\/media\/64189"}],"wp:attachment":[{"href":"https:\/\/www.utrera.org\/en\/wp-json\/wp\/v2\/media?parent=64188"}],"wp:term":[{"taxonomy":"category","embeddable":true,"href":"https:\/\/www.utrera.org\/en\/wp-json\/wp\/v2\/categories?post=64188"},{"taxonomy":"post_tag","embeddable":true,"href":"https:\/\/www.utrera.org\/en\/wp-json\/wp\/v2\/tags?post=64188"}],"curies":[{"name":"wp","href":"https:\/\/api.w.org\/{rel}","templated":true}]}}