{"id":64177,"date":"2026-04-27T13:22:58","date_gmt":"2026-04-27T12:22:58","guid":{"rendered":"https:\/\/www.utrera.org\/?p=64177"},"modified":"2026-04-27T13:22:58","modified_gmt":"2026-04-27T12:22:58","slug":"charla-generacion-z-utrera-psico-woman","status":"publish","type":"post","link":"https:\/\/www.utrera.org\/en\/charla-generacion-z-utrera-psico-woman\/","title":{"rendered":"Igualdad ofrece una charla sobre c\u00f3mo comprender y acompa\u00f1ar a la Generaci\u00f3n Z de la mano de La Psico Woman"},"content":{"rendered":"<section class=\"text-token-text-primary w-full focus:outline-none [--shadow-height:45px] has-data-writing-block:pointer-events-none has-data-writing-block:-mt-(--shadow-height) has-data-writing-block:pt-(--shadow-height) [&amp;:has([data-writing-block])&gt;*]:pointer-events-auto [content-visibility:auto] supports-[content-visibility:auto]:[contain-intrinsic-size:auto_100lvh] R6Vx5W_threadScrollVars scroll-mb-[calc(var(--scroll-root-safe-area-inset-bottom,0px)+var(--thread-response-height))] scroll-mt-[calc(var(--header-height)+min(200px,max(70px,20svh)))]\" dir=\"auto\" data-turn-id=\"request-WEB:7f75380f-59cf-4399-ac1d-7282c7b71e7f-7\" data-testid=\"conversation-turn-2\" data-scroll-anchor=\"false\" data-turn=\"assistant\">\n<div class=\"text-base my-auto mx-auto pb-10 [--thread-content-margin:var(--thread-content-margin-xs,calc(var(--spacing)*4))] @w-sm\/main:[--thread-content-margin:var(--thread-content-margin-sm,calc(var(--spacing)*6))] @w-lg\/main:[--thread-content-margin:var(--thread-content-margin-lg,calc(var(--spacing)*16))] px-(--thread-content-margin)\">\n<div class=\"[--thread-content-max-width:40rem] @w-lg\/main:[--thread-content-max-width:48rem] mx-auto max-w-(--thread-content-max-width) flex-1 group\/turn-messages focus-visible:outline-hidden relative flex w-full min-w-0 flex-col agent-turn\">\n<div class=\"flex max-w-full flex-col gap-4 grow\">\n<div class=\"min-h-8 text-message relative flex w-full flex-col items-end gap-2 text-start break-words whitespace-normal outline-none keyboard-focused:focus-ring [.text-message+&amp;]:mt-1\" dir=\"auto\" tabindex=\"0\" data-message-author-role=\"assistant\" data-message-id=\"a5c8a18f-d48f-4f29-9fc6-c90ff7590900\" data-message-model-slug=\"gpt-5-5-thinking\" data-turn-start-message=\"true\">\n<div class=\"flex w-full flex-col gap-1 empty:hidden\">\n<div class=\"markdown prose dark:prose-invert w-full wrap-break-word light markdown-new-styling\">\n<p data-start=\"70\" data-end=\"307\"><strong data-start=\"70\" data-end=\"111\">Utrera acoger\u00e1 el pr\u00f3ximo 29 de abril<\/strong> una charla dirigida a familias y personas interesadas en mejorar la comprensi\u00f3n y el acompa\u00f1amiento de adolescentes, una actividad organizada por la <strong data-start=\"261\" data-end=\"306\">delegaci\u00f3n de Igualdad y Bienestar Social<\/strong>.<\/p>\n<p data-start=\"309\" data-end=\"568\">Bajo el t\u00edtulo <strong data-start=\"324\" data-end=\"433\">\u201cC\u00f3mo acercarnos a la Generaci\u00f3n Z: Retos y oportunidades en el acompa\u00f1amiento a las nuevas generaciones\u201d<\/strong>, la sesi\u00f3n ser\u00e1 impartida por <strong data-start=\"464\" data-end=\"477\">Isa Duque<\/strong>, conocida como <strong data-start=\"493\" data-end=\"511\">La Psico Woman<\/strong>, psic\u00f3loga especializada en <strong data-start=\"540\" data-end=\"567\">adolescencia y juventud<\/strong>.<\/p>\n<p data-start=\"570\" data-end=\"841\">El encuentro tendr\u00e1 lugar a las <strong data-start=\"602\" data-end=\"617\">18:00 horas<\/strong> en el <strong data-start=\"624\" data-end=\"667\">Teatro del Colegio Salesianos de Utrera<\/strong> y ofrecer\u00e1 un espacio para reflexionar sobre los desaf\u00edos que plantea la educaci\u00f3n y el acompa\u00f1amiento de j\u00f3venes en un mundo cada vez m\u00e1s <strong data-start=\"807\" data-end=\"840\">digital, cambiante y exigente<\/strong>.<\/p>\n<p data-start=\"843\" data-end=\"1232\">Durante la charla se abordar\u00e1n cuestiones como la comprensi\u00f3n de la <strong data-start=\"911\" data-end=\"927\">Generaci\u00f3n Z<\/strong>, j\u00f3venes nacidos entre <strong data-start=\"951\" data-end=\"966\">1994 y 2010<\/strong>, estrategias para mejorar la <strong data-start=\"996\" data-end=\"1035\">comunicaci\u00f3n en el entorno familiar<\/strong>, herramientas pr\u00e1cticas para apoyar su <strong data-start=\"1075\" data-end=\"1117\">desarrollo emocional, social y digital<\/strong>, as\u00ed como propuestas para afrontar los retos actuales y transformarlos en oportunidades de aprendizaje compartido.<\/p>\n<p data-start=\"1234\" data-end=\"1468\" data-is-last-node=\"\" data-is-only-node=\"\">La asistencia requiere <strong data-start=\"1257\" data-end=\"1278\">invitaci\u00f3n previa<\/strong>, que podr\u00e1 solicitarse a trav\u00e9s del correo electr\u00f3nico <strong data-start=\"1334\" data-end=\"1357\"><a class=\"decorated-link cursor-pointer\" rel=\"noopener\" data-start=\"1336\" data-end=\"1355\">igualdad@utrera.org<\/a><\/strong>, en la <strong data-start=\"1365\" data-end=\"1388\">Oficina de Igualdad<\/strong>, en horario de <strong data-start=\"1404\" data-end=\"1426\">9:00 a 14:00 horas<\/strong>, o llamando al tel\u00e9fono <strong data-start=\"1451\" data-end=\"1467\">955 86 57 86<\/strong>.<\/p>\n<\/div>\n<\/div>\n<\/div>\n<\/div>\n<div class=\"z-0 flex min-h-[46px] justify-start\"><\/div>\n<div class=\"mt-3 w-full empty:hidden\">\n<div class=\"text-center\"><\/div>\n<\/div>\n<\/div>\n<\/div>\n<\/section>\n","protected":false},"excerpt":{"rendered":"<p>Utrera acoger\u00e1 el pr\u00f3ximo 29 de abril una charla dirigida a familias y personas interesadas en mejorar la comprensi\u00f3n y el acompa\u00f1amiento de adolescentes, una actividad organizada por la delegaci\u00f3n de Igualdad y Bienestar Social. Bajo el t\u00edtulo \u201cC\u00f3mo acercarnos a la Generaci\u00f3n Z: Retos y oportunidades en el acompa\u00f1amiento a las nuevas generaciones\u201d, la [&hellip;]<\/p>\n","protected":false},"author":15,"featured_media":64178,"comment_status":"closed","ping_status":"closed","sticky":false,"template":"","format":"standard","meta":{"_et_pb_use_builder":"","_et_pb_old_content":"","_et_gb_content_width":"","footnotes":""},"categories":[1],"tags":[],"class_list":["post-64177","post","type-post","status-publish","format-standard","has-post-thumbnail","hentry","category-noticias-municipales","et-has-post-format-content","et_post_format-et-post-format-standard"],"yoast_head":"<!-- This site is optimized with the Yoast SEO plugin v27.3 - https:\/\/yoast.com\/product\/yoast-seo-wordpress\/ -->\n<title>Charla sobre Generaci\u00f3n Z en Utrera con La Psico Woman<\/title>\n<meta name=\"description\" content=\"Utrera organiza una charla sobre c\u00f3mo acompa\u00f1ar a adolescentes de la Generaci\u00f3n Z el 29 de abril con Isa Duque, La Psico Woman.\" \/>\n<meta name=\"robots\" content=\"index, follow, max-snippet:-1, max-image-preview:large, max-video-preview:-1\" \/>\n<link rel=\"canonical\" href=\"https:\/\/www.utrera.org\/en\/charla-generacion-z-utrera-psico-woman\/\" \/>\n<meta property=\"og:locale\" content=\"en_GB\" \/>\n<meta property=\"og:type\" content=\"article\" \/>\n<meta property=\"og:title\" content=\"Charla sobre Generaci\u00f3n Z en Utrera con La Psico Woman\" \/>\n<meta property=\"og:description\" content=\"Utrera organiza una charla sobre c\u00f3mo acompa\u00f1ar a adolescentes de la Generaci\u00f3n Z el 29 de abril con Isa Duque, La Psico Woman.\" \/>\n<meta property=\"og:url\" content=\"https:\/\/www.utrera.org\/en\/charla-generacion-z-utrera-psico-woman\/\" \/>\n<meta property=\"og:site_name\" content=\"Ayuntamiento de Utrera\" \/>\n<meta property=\"article:publisher\" content=\"https:\/\/www.facebook.com\/AyuntamientodeUtrera\/\" \/>\n<meta property=\"article:published_time\" content=\"2026-04-27T12:22:58+00:00\" \/>\n<meta property=\"og:image\" content=\"https:\/\/www.utrera.org\/wp-content\/uploads\/2026\/04\/Isa_Duque-scaled.jpg\" \/>\n\t<meta property=\"og:image:width\" content=\"2560\" \/>\n\t<meta property=\"og:image:height\" content=\"1676\" \/>\n\t<meta property=\"og:image:type\" content=\"image\/jpeg\" \/>\n<meta name=\"author\" content=\"Ayuntamiento de Utrera\" \/>\n<meta name=\"twitter:card\" content=\"summary_large_image\" \/>\n<meta name=\"twitter:creator\" content=\"@CiudadUtrera\" \/>\n<meta name=\"twitter:site\" content=\"@CiudadUtrera\" \/>\n<meta name=\"twitter:label1\" content=\"Written by\" \/>\n\t<meta name=\"twitter:data1\" content=\"Ayuntamiento de Utrera\" \/>\n\t<meta name=\"twitter:label2\" content=\"Est. reading time\" \/>\n\t<meta name=\"twitter:data2\" content=\"2 minutes\" \/>\n<script type=\"application\/ld+json\" class=\"yoast-schema-graph\">{\"@context\":\"https:\\\/\\\/schema.org\",\"@graph\":[{\"@type\":\"Article\",\"@id\":\"https:\\\/\\\/www.utrera.org\\\/charla-generacion-z-utrera-psico-woman\\\/#article\",\"isPartOf\":{\"@id\":\"https:\\\/\\\/www.utrera.org\\\/charla-generacion-z-utrera-psico-woman\\\/\"},\"author\":{\"name\":\"Ayuntamiento de Utrera\",\"@id\":\"https:\\\/\\\/www.utrera.org\\\/#\\\/schema\\\/person\\\/e0aad5103777e9e4ce3f8a5100195eef\"},\"headline\":\"Igualdad ofrece una charla sobre c\u00f3mo comprender y acompa\u00f1ar a la Generaci\u00f3n Z de la mano de La Psico Woman\",\"datePublished\":\"2026-04-27T12:22:58+00:00\",\"mainEntityOfPage\":{\"@id\":\"https:\\\/\\\/www.utrera.org\\\/charla-generacion-z-utrera-psico-woman\\\/\"},\"wordCount\":243,\"image\":{\"@id\":\"https:\\\/\\\/www.utrera.org\\\/charla-generacion-z-utrera-psico-woman\\\/#primaryimage\"},\"thumbnailUrl\":\"https:\\\/\\\/www.utrera.org\\\/wp-content\\\/uploads\\\/2026\\\/04\\\/Isa_Duque-scaled.jpg\",\"articleSection\":[\"\u200eNoticias Municipales\"],\"inLanguage\":\"en-GB\"},{\"@type\":\"WebPage\",\"@id\":\"https:\\\/\\\/www.utrera.org\\\/charla-generacion-z-utrera-psico-woman\\\/\",\"url\":\"https:\\\/\\\/www.utrera.org\\\/charla-generacion-z-utrera-psico-woman\\\/\",\"name\":\"Charla sobre Generaci\u00f3n Z en Utrera con La Psico Woman\",\"isPartOf\":{\"@id\":\"https:\\\/\\\/www.utrera.org\\\/#website\"},\"primaryImageOfPage\":{\"@id\":\"https:\\\/\\\/www.utrera.org\\\/charla-generacion-z-utrera-psico-woman\\\/#primaryimage\"},\"image\":{\"@id\":\"https:\\\/\\\/www.utrera.org\\\/charla-generacion-z-utrera-psico-woman\\\/#primaryimage\"},\"thumbnailUrl\":\"https:\\\/\\\/www.utrera.org\\\/wp-content\\\/uploads\\\/2026\\\/04\\\/Isa_Duque-scaled.jpg\",\"datePublished\":\"2026-04-27T12:22:58+00:00\",\"author\":{\"@id\":\"https:\\\/\\\/www.utrera.org\\\/#\\\/schema\\\/person\\\/e0aad5103777e9e4ce3f8a5100195eef\"},\"description\":\"Utrera organiza una charla sobre c\u00f3mo acompa\u00f1ar a adolescentes de la Generaci\u00f3n Z el 29 de abril con Isa Duque, La Psico Woman.\",\"breadcrumb\":{\"@id\":\"https:\\\/\\\/www.utrera.org\\\/charla-generacion-z-utrera-psico-woman\\\/#breadcrumb\"},\"inLanguage\":\"en-GB\",\"potentialAction\":[{\"@type\":\"ReadAction\",\"target\":[\"https:\\\/\\\/www.utrera.org\\\/charla-generacion-z-utrera-psico-woman\\\/\"]}]},{\"@type\":\"ImageObject\",\"inLanguage\":\"en-GB\",\"@id\":\"https:\\\/\\\/www.utrera.org\\\/charla-generacion-z-utrera-psico-woman\\\/#primaryimage\",\"url\":\"https:\\\/\\\/www.utrera.org\\\/wp-content\\\/uploads\\\/2026\\\/04\\\/Isa_Duque-scaled.jpg\",\"contentUrl\":\"https:\\\/\\\/www.utrera.org\\\/wp-content\\\/uploads\\\/2026\\\/04\\\/Isa_Duque-scaled.jpg\",\"width\":2560,\"height\":1676,\"caption\":\"Isa Duque\"},{\"@type\":\"BreadcrumbList\",\"@id\":\"https:\\\/\\\/www.utrera.org\\\/charla-generacion-z-utrera-psico-woman\\\/#breadcrumb\",\"itemListElement\":[{\"@type\":\"ListItem\",\"position\":1,\"name\":\"Inicio\",\"item\":\"https:\\\/\\\/www.utrera.org\\\/\"},{\"@type\":\"ListItem\",\"position\":2,\"name\":\"Igualdad ofrece una charla sobre c\u00f3mo comprender y acompa\u00f1ar a la Generaci\u00f3n Z de la mano de La Psico Woman\"}]},{\"@type\":\"WebSite\",\"@id\":\"https:\\\/\\\/www.utrera.org\\\/#website\",\"url\":\"https:\\\/\\\/www.utrera.org\\\/\",\"name\":\"Ayuntamiento de Utrera\",\"description\":\"Web Municipal del Ayuntamiento de Utrera\",\"potentialAction\":[{\"@type\":\"SearchAction\",\"target\":{\"@type\":\"EntryPoint\",\"urlTemplate\":\"https:\\\/\\\/www.utrera.org\\\/?s={search_term_string}\"},\"query-input\":{\"@type\":\"PropertyValueSpecification\",\"valueRequired\":true,\"valueName\":\"search_term_string\"}}],\"inLanguage\":\"en-GB\"},{\"@type\":\"Person\",\"@id\":\"https:\\\/\\\/www.utrera.org\\\/#\\\/schema\\\/person\\\/e0aad5103777e9e4ce3f8a5100195eef\",\"name\":\"Ayuntamiento de Utrera\",\"image\":{\"@type\":\"ImageObject\",\"inLanguage\":\"en-GB\",\"@id\":\"https:\\\/\\\/secure.gravatar.com\\\/avatar\\\/85809c2d573a4a5a96cf61e736896a265a4d893602fcc49f190240eb2e8e010d?s=96&d=mm&r=g\",\"url\":\"https:\\\/\\\/secure.gravatar.com\\\/avatar\\\/85809c2d573a4a5a96cf61e736896a265a4d893602fcc49f190240eb2e8e010d?s=96&d=mm&r=g\",\"contentUrl\":\"https:\\\/\\\/secure.gravatar.com\\\/avatar\\\/85809c2d573a4a5a96cf61e736896a265a4d893602fcc49f190240eb2e8e010d?s=96&d=mm&r=g\",\"caption\":\"Ayuntamiento de Utrera\"},\"url\":\"https:\\\/\\\/www.utrera.org\\\/en\\\/author\\\/amontielvillena\\\/\"}]}<\/script>\n<!-- \/ Yoast SEO plugin. -->","yoast_head_json":{"title":"Charla sobre Generaci\u00f3n Z en Utrera con La Psico Woman","description":"Utrera organiza una charla sobre c\u00f3mo acompa\u00f1ar a adolescentes de la Generaci\u00f3n Z el 29 de abril con Isa Duque, La Psico Woman.","robots":{"index":"index","follow":"follow","max-snippet":"max-snippet:-1","max-image-preview":"max-image-preview:large","max-video-preview":"max-video-preview:-1"},"canonical":"https:\/\/www.utrera.org\/en\/charla-generacion-z-utrera-psico-woman\/","og_locale":"en_GB","og_type":"article","og_title":"Charla sobre Generaci\u00f3n Z en Utrera con La Psico Woman","og_description":"Utrera organiza una charla sobre c\u00f3mo acompa\u00f1ar a adolescentes de la Generaci\u00f3n Z el 29 de abril con Isa Duque, La Psico Woman.","og_url":"https:\/\/www.utrera.org\/en\/charla-generacion-z-utrera-psico-woman\/","og_site_name":"Ayuntamiento de Utrera","article_publisher":"https:\/\/www.facebook.com\/AyuntamientodeUtrera\/","article_published_time":"2026-04-27T12:22:58+00:00","og_image":[{"width":2560,"height":1676,"url":"https:\/\/www.utrera.org\/wp-content\/uploads\/2026\/04\/Isa_Duque-scaled.jpg","type":"image\/jpeg"}],"author":"Ayuntamiento de Utrera","twitter_card":"summary_large_image","twitter_creator":"@CiudadUtrera","twitter_site":"@CiudadUtrera","twitter_misc":{"Written by":"Ayuntamiento de Utrera","Est. reading time":"2 minutes"},"schema":{"@context":"https:\/\/schema.org","@graph":[{"@type":"Article","@id":"https:\/\/www.utrera.org\/charla-generacion-z-utrera-psico-woman\/#article","isPartOf":{"@id":"https:\/\/www.utrera.org\/charla-generacion-z-utrera-psico-woman\/"},"author":{"name":"Ayuntamiento de Utrera","@id":"https:\/\/www.utrera.org\/#\/schema\/person\/e0aad5103777e9e4ce3f8a5100195eef"},"headline":"Igualdad ofrece una charla sobre c\u00f3mo comprender y acompa\u00f1ar a la Generaci\u00f3n Z de la mano de La Psico Woman","datePublished":"2026-04-27T12:22:58+00:00","mainEntityOfPage":{"@id":"https:\/\/www.utrera.org\/charla-generacion-z-utrera-psico-woman\/"},"wordCount":243,"image":{"@id":"https:\/\/www.utrera.org\/charla-generacion-z-utrera-psico-woman\/#primaryimage"},"thumbnailUrl":"https:\/\/www.utrera.org\/wp-content\/uploads\/2026\/04\/Isa_Duque-scaled.jpg","articleSection":["\u200eNoticias Municipales"],"inLanguage":"en-GB"},{"@type":"WebPage","@id":"https:\/\/www.utrera.org\/charla-generacion-z-utrera-psico-woman\/","url":"https:\/\/www.utrera.org\/charla-generacion-z-utrera-psico-woman\/","name":"Charla sobre Generaci\u00f3n Z en Utrera con La Psico Woman","isPartOf":{"@id":"https:\/\/www.utrera.org\/#website"},"primaryImageOfPage":{"@id":"https:\/\/www.utrera.org\/charla-generacion-z-utrera-psico-woman\/#primaryimage"},"image":{"@id":"https:\/\/www.utrera.org\/charla-generacion-z-utrera-psico-woman\/#primaryimage"},"thumbnailUrl":"https:\/\/www.utrera.org\/wp-content\/uploads\/2026\/04\/Isa_Duque-scaled.jpg","datePublished":"2026-04-27T12:22:58+00:00","author":{"@id":"https:\/\/www.utrera.org\/#\/schema\/person\/e0aad5103777e9e4ce3f8a5100195eef"},"description":"Utrera organiza una charla sobre c\u00f3mo acompa\u00f1ar a adolescentes de la Generaci\u00f3n Z el 29 de abril con Isa Duque, La Psico Woman.","breadcrumb":{"@id":"https:\/\/www.utrera.org\/charla-generacion-z-utrera-psico-woman\/#breadcrumb"},"inLanguage":"en-GB","potentialAction":[{"@type":"ReadAction","target":["https:\/\/www.utrera.org\/charla-generacion-z-utrera-psico-woman\/"]}]},{"@type":"ImageObject","inLanguage":"en-GB","@id":"https:\/\/www.utrera.org\/charla-generacion-z-utrera-psico-woman\/#primaryimage","url":"https:\/\/www.utrera.org\/wp-content\/uploads\/2026\/04\/Isa_Duque-scaled.jpg","contentUrl":"https:\/\/www.utrera.org\/wp-content\/uploads\/2026\/04\/Isa_Duque-scaled.jpg","width":2560,"height":1676,"caption":"Isa Duque"},{"@type":"BreadcrumbList","@id":"https:\/\/www.utrera.org\/charla-generacion-z-utrera-psico-woman\/#breadcrumb","itemListElement":[{"@type":"ListItem","position":1,"name":"Inicio","item":"https:\/\/www.utrera.org\/"},{"@type":"ListItem","position":2,"name":"Igualdad ofrece una charla sobre c\u00f3mo comprender y acompa\u00f1ar a la Generaci\u00f3n Z de la mano de La Psico Woman"}]},{"@type":"WebSite","@id":"https:\/\/www.utrera.org\/#website","url":"https:\/\/www.utrera.org\/","name":"City Council of Utrera","description":"Web Municipal del Ayuntamiento de Utrera","potentialAction":[{"@type":"SearchAction","target":{"@type":"EntryPoint","urlTemplate":"https:\/\/www.utrera.org\/?s={search_term_string}"},"query-input":{"@type":"PropertyValueSpecification","valueRequired":true,"valueName":"search_term_string"}}],"inLanguage":"en-GB"},{"@type":"Person","@id":"https:\/\/www.utrera.org\/#\/schema\/person\/e0aad5103777e9e4ce3f8a5100195eef","name":"City Council of Utrera","image":{"@type":"ImageObject","inLanguage":"en-GB","@id":"https:\/\/secure.gravatar.com\/avatar\/85809c2d573a4a5a96cf61e736896a265a4d893602fcc49f190240eb2e8e010d?s=96&d=mm&r=g","url":"https:\/\/secure.gravatar.com\/avatar\/85809c2d573a4a5a96cf61e736896a265a4d893602fcc49f190240eb2e8e010d?s=96&d=mm&r=g","contentUrl":"https:\/\/secure.gravatar.com\/avatar\/85809c2d573a4a5a96cf61e736896a265a4d893602fcc49f190240eb2e8e010d?s=96&d=mm&r=g","caption":"Ayuntamiento de Utrera"},"url":"https:\/\/www.utrera.org\/en\/author\/amontielvillena\/"}]}},"_links":{"self":[{"href":"https:\/\/www.utrera.org\/en\/wp-json\/wp\/v2\/posts\/64177","targetHints":{"allow":["GET"]}}],"collection":[{"href":"https:\/\/www.utrera.org\/en\/wp-json\/wp\/v2\/posts"}],"about":[{"href":"https:\/\/www.utrera.org\/en\/wp-json\/wp\/v2\/types\/post"}],"author":[{"embeddable":true,"href":"https:\/\/www.utrera.org\/en\/wp-json\/wp\/v2\/users\/15"}],"replies":[{"embeddable":true,"href":"https:\/\/www.utrera.org\/en\/wp-json\/wp\/v2\/comments?post=64177"}],"version-history":[{"count":1,"href":"https:\/\/www.utrera.org\/en\/wp-json\/wp\/v2\/posts\/64177\/revisions"}],"predecessor-version":[{"id":64179,"href":"https:\/\/www.utrera.org\/en\/wp-json\/wp\/v2\/posts\/64177\/revisions\/64179"}],"wp:featuredmedia":[{"embeddable":true,"href":"https:\/\/www.utrera.org\/en\/wp-json\/wp\/v2\/media\/64178"}],"wp:attachment":[{"href":"https:\/\/www.utrera.org\/en\/wp-json\/wp\/v2\/media?parent=64177"}],"wp:term":[{"taxonomy":"category","embeddable":true,"href":"https:\/\/www.utrera.org\/en\/wp-json\/wp\/v2\/categories?post=64177"},{"taxonomy":"post_tag","embeddable":true,"href":"https:\/\/www.utrera.org\/en\/wp-json\/wp\/v2\/tags?post=64177"}],"curies":[{"name":"wp","href":"https:\/\/api.w.org\/{rel}","templated":true}]}}