{"id":64171,"date":"2026-04-27T13:18:15","date_gmt":"2026-04-27T12:18:15","guid":{"rendered":"https:\/\/www.utrera.org\/?p=64171"},"modified":"2026-04-27T13:18:53","modified_gmt":"2026-04-27T12:18:53","slug":"formacion-gratuita-mayores-52-desempleados-utrera","status":"publish","type":"post","link":"https:\/\/www.utrera.org\/en\/formacion-gratuita-mayores-52-desempleados-utrera\/","title":{"rendered":"El Ayuntamiento de Utrera impulsa una nueva formaci\u00f3n en transporte para mayores de 52 a\u00f1o"},"content":{"rendered":"<p data-start=\"0\" data-end=\"409\">El Ayuntamiento de Utrera, a trav\u00e9s de la delegaci\u00f3n de <strong data-start=\"56\" data-end=\"78\">Employment and Training<\/strong>, est\u00e1 desarrollando una nueva <strong data-start=\"109\" data-end=\"138\">acci\u00f3n formativa gratuita<\/strong> dentro del <strong data-start=\"150\" data-end=\"212\">Programa de Proyectos Integrales para la Inserci\u00f3n Laboral<\/strong>. Esta iniciativa est\u00e1 orientada al <strong data-start=\"248\" data-end=\"273\">sector del transporte<\/strong> y tiene como objetivo mejorar las oportunidades de acceso al <strong data-start=\"335\" data-end=\"354\">mercado laboral<\/strong> de colectivos con mayores dificultades de inserci\u00f3n.<\/p>\n<p data-start=\"411\" data-end=\"603\">El programa est\u00e1 dirigido espec\u00edficamente a <strong data-start=\"455\" data-end=\"486\">personas mayores de 52 a\u00f1os<\/strong> que sean <strong data-start=\"496\" data-end=\"530\">desempleados de larga duraci\u00f3n<\/strong>, ofreciendo una formaci\u00f3n adaptada a las demandas actuales del sector.<\/p>\n<p data-start=\"605\" data-end=\"733\">Las plazas son limitadas y, adem\u00e1s, las personas participantes podr\u00e1n beneficiarse de un <strong data-start=\"694\" data-end=\"730\">incentivo econ\u00f3mico de 528 euros<\/strong>.<\/p>\n<p data-start=\"735\" data-end=\"1080\">Esta acci\u00f3n est\u00e1 subvencionada por la <strong data-start=\"773\" data-end=\"795\">Junta de Andaluc\u00eda<\/strong> y el <strong data-start=\"801\" data-end=\"823\">Gobierno de Espa\u00f1a<\/strong>, a trav\u00e9s del <strong data-start=\"838\" data-end=\"881\">Ministerio de Trabajo y Econom\u00eda Social<\/strong> y el <strong data-start=\"887\" data-end=\"932\">Servicio P\u00fablico de Empleo Estatal (SEPE)<\/strong>, as\u00ed como por la <strong data-start=\"950\" data-end=\"1002\">Consejer\u00eda de Empleo, Empresa y Trabajo Aut\u00f3nomo<\/strong>, contando tambi\u00e9n con la implicaci\u00f3n del propio <strong data-start=\"1051\" data-end=\"1077\">City Council of Utrera<\/strong>.<\/p>\n<p data-start=\"1082\" data-end=\"1360\" data-is-last-node=\"\" data-is-only-node=\"\">Para obtener m\u00e1s informaci\u00f3n, las personas interesadas pueden dirigirse a la <strong data-start=\"1159\" data-end=\"1205\">Oficina de Reactivaci\u00f3n Econ\u00f3mica y Empleo<\/strong>, situada en la calle \u00c1lvarez Quintero, n\u00famero 26, en horario de lunes a viernes de 9:00 a 14:00 horas, o contactar a trav\u00e9s del tel\u00e9fono <strong data-start=\"1343\" data-end=\"1359\">682 13 77 10<\/strong>.<\/p>\n<p data-start=\"1082\" data-end=\"1360\" data-is-last-node=\"\" data-is-only-node=\"\"><a href=\"https:\/\/www.utrera.org\/wp-content\/uploads\/2026\/04\/formacion-transporte.jpeg\"><img loading=\"lazy\" decoding=\"async\" class=\"aligncenter size-medium wp-image-64174\" src=\"https:\/\/www.utrera.org\/wp-content\/uploads\/2026\/04\/formacion-transporte-240x300.jpeg\" alt=\"\" width=\"240\" height=\"300\" srcset=\"https:\/\/www.utrera.org\/wp-content\/uploads\/2026\/04\/formacion-transporte-240x300.jpeg 240w, https:\/\/www.utrera.org\/wp-content\/uploads\/2026\/04\/formacion-transporte-819x1024.jpeg 819w, https:\/\/www.utrera.org\/wp-content\/uploads\/2026\/04\/formacion-transporte-768x960.jpeg 768w, https:\/\/www.utrera.org\/wp-content\/uploads\/2026\/04\/formacion-transporte-10x12.jpeg 10w, https:\/\/www.utrera.org\/wp-content\/uploads\/2026\/04\/formacion-transporte.jpeg 1080w\" sizes=\"auto, (max-width: 240px) 100vw, 240px\" \/><\/a><\/p>","protected":false},"excerpt":{"rendered":"<p>El Ayuntamiento de Utrera, a trav\u00e9s de la delegaci\u00f3n de Formaci\u00f3n y Empleo, est\u00e1 desarrollando una nueva acci\u00f3n formativa gratuita dentro del Programa de Proyectos Integrales para la Inserci\u00f3n Laboral. Esta iniciativa est\u00e1 orientada al sector del transporte y tiene como objetivo mejorar las oportunidades de acceso al mercado laboral de colectivos con mayores dificultades [&hellip;]<\/p>\n","protected":false},"author":15,"featured_media":64172,"comment_status":"closed","ping_status":"closed","sticky":false,"template":"","format":"standard","meta":{"_et_pb_use_builder":"","_et_pb_old_content":"","_et_gb_content_width":"","footnotes":""},"categories":[1],"tags":[],"class_list":["post-64171","post","type-post","status-publish","format-standard","has-post-thumbnail","hentry","category-noticias-municipales","et-has-post-format-content","et_post_format-et-post-format-standard"],"yoast_head":"<!-- This site is optimized with the Yoast SEO plugin v27.3 - https:\/\/yoast.com\/product\/yoast-seo-wordpress\/ -->\n<title>Utrera ofrece una formaci\u00f3n gratuita para mayores de 52 a\u00f1os desempleados<\/title>\n<meta name=\"description\" content=\"El Ayuntamiento desarrolla una formaci\u00f3n gratuita para mayores de 52 a\u00f1os desempleados de larga duraci\u00f3n, con plazas limitadas.\" \/>\n<meta name=\"robots\" content=\"index, follow, max-snippet:-1, max-image-preview:large, max-video-preview:-1\" \/>\n<link rel=\"canonical\" href=\"https:\/\/www.utrera.org\/en\/formacion-gratuita-mayores-52-desempleados-utrera\/\" \/>\n<meta property=\"og:locale\" content=\"en_GB\" \/>\n<meta property=\"og:type\" content=\"article\" \/>\n<meta property=\"og:title\" content=\"Utrera ofrece una formaci\u00f3n gratuita para mayores de 52 a\u00f1os desempleados\" \/>\n<meta property=\"og:description\" content=\"El Ayuntamiento desarrolla una formaci\u00f3n gratuita para mayores de 52 a\u00f1os desempleados de larga duraci\u00f3n, con plazas limitadas.\" \/>\n<meta property=\"og:url\" content=\"https:\/\/www.utrera.org\/en\/formacion-gratuita-mayores-52-desempleados-utrera\/\" \/>\n<meta property=\"og:site_name\" content=\"Ayuntamiento de Utrera\" \/>\n<meta property=\"article:publisher\" content=\"https:\/\/www.facebook.com\/AyuntamientodeUtrera\/\" \/>\n<meta property=\"article:published_time\" content=\"2026-04-27T12:18:15+00:00\" \/>\n<meta property=\"article:modified_time\" content=\"2026-04-27T12:18:53+00:00\" \/>\n<meta property=\"og:image\" content=\"https:\/\/www.utrera.org\/wp-content\/uploads\/2026\/04\/transporte.png\" \/>\n\t<meta property=\"og:image:width\" content=\"800\" \/>\n\t<meta property=\"og:image:height\" content=\"500\" \/>\n\t<meta property=\"og:image:type\" content=\"image\/png\" \/>\n<meta name=\"author\" content=\"Ayuntamiento de Utrera\" \/>\n<meta name=\"twitter:card\" content=\"summary_large_image\" \/>\n<meta name=\"twitter:creator\" content=\"@CiudadUtrera\" \/>\n<meta name=\"twitter:site\" content=\"@CiudadUtrera\" \/>\n<meta name=\"twitter:label1\" content=\"Written by\" \/>\n\t<meta name=\"twitter:data1\" content=\"Ayuntamiento de Utrera\" \/>\n\t<meta name=\"twitter:label2\" content=\"Est. reading time\" \/>\n\t<meta name=\"twitter:data2\" content=\"2 minutes\" \/>\n<script type=\"application\/ld+json\" class=\"yoast-schema-graph\">{\"@context\":\"https:\\\/\\\/schema.org\",\"@graph\":[{\"@type\":\"Article\",\"@id\":\"https:\\\/\\\/www.utrera.org\\\/formacion-gratuita-mayores-52-desempleados-utrera\\\/#article\",\"isPartOf\":{\"@id\":\"https:\\\/\\\/www.utrera.org\\\/formacion-gratuita-mayores-52-desempleados-utrera\\\/\"},\"author\":{\"name\":\"Ayuntamiento de Utrera\",\"@id\":\"https:\\\/\\\/www.utrera.org\\\/#\\\/schema\\\/person\\\/e0aad5103777e9e4ce3f8a5100195eef\"},\"headline\":\"El Ayuntamiento de Utrera impulsa una nueva formaci\u00f3n en transporte para mayores de 52 a\u00f1o\",\"datePublished\":\"2026-04-27T12:18:15+00:00\",\"dateModified\":\"2026-04-27T12:18:53+00:00\",\"mainEntityOfPage\":{\"@id\":\"https:\\\/\\\/www.utrera.org\\\/formacion-gratuita-mayores-52-desempleados-utrera\\\/\"},\"wordCount\":237,\"image\":{\"@id\":\"https:\\\/\\\/www.utrera.org\\\/formacion-gratuita-mayores-52-desempleados-utrera\\\/#primaryimage\"},\"thumbnailUrl\":\"https:\\\/\\\/www.utrera.org\\\/wp-content\\\/uploads\\\/2026\\\/04\\\/transporte.png\",\"articleSection\":[\"\u200eNoticias Municipales\"],\"inLanguage\":\"en-GB\"},{\"@type\":\"WebPage\",\"@id\":\"https:\\\/\\\/www.utrera.org\\\/formacion-gratuita-mayores-52-desempleados-utrera\\\/\",\"url\":\"https:\\\/\\\/www.utrera.org\\\/formacion-gratuita-mayores-52-desempleados-utrera\\\/\",\"name\":\"Utrera ofrece una formaci\u00f3n gratuita para mayores de 52 a\u00f1os desempleados\",\"isPartOf\":{\"@id\":\"https:\\\/\\\/www.utrera.org\\\/#website\"},\"primaryImageOfPage\":{\"@id\":\"https:\\\/\\\/www.utrera.org\\\/formacion-gratuita-mayores-52-desempleados-utrera\\\/#primaryimage\"},\"image\":{\"@id\":\"https:\\\/\\\/www.utrera.org\\\/formacion-gratuita-mayores-52-desempleados-utrera\\\/#primaryimage\"},\"thumbnailUrl\":\"https:\\\/\\\/www.utrera.org\\\/wp-content\\\/uploads\\\/2026\\\/04\\\/transporte.png\",\"datePublished\":\"2026-04-27T12:18:15+00:00\",\"dateModified\":\"2026-04-27T12:18:53+00:00\",\"author\":{\"@id\":\"https:\\\/\\\/www.utrera.org\\\/#\\\/schema\\\/person\\\/e0aad5103777e9e4ce3f8a5100195eef\"},\"description\":\"El Ayuntamiento desarrolla una formaci\u00f3n gratuita para mayores de 52 a\u00f1os desempleados de larga duraci\u00f3n, con plazas limitadas.\",\"breadcrumb\":{\"@id\":\"https:\\\/\\\/www.utrera.org\\\/formacion-gratuita-mayores-52-desempleados-utrera\\\/#breadcrumb\"},\"inLanguage\":\"en-GB\",\"potentialAction\":[{\"@type\":\"ReadAction\",\"target\":[\"https:\\\/\\\/www.utrera.org\\\/formacion-gratuita-mayores-52-desempleados-utrera\\\/\"]}]},{\"@type\":\"ImageObject\",\"inLanguage\":\"en-GB\",\"@id\":\"https:\\\/\\\/www.utrera.org\\\/formacion-gratuita-mayores-52-desempleados-utrera\\\/#primaryimage\",\"url\":\"https:\\\/\\\/www.utrera.org\\\/wp-content\\\/uploads\\\/2026\\\/04\\\/transporte.png\",\"contentUrl\":\"https:\\\/\\\/www.utrera.org\\\/wp-content\\\/uploads\\\/2026\\\/04\\\/transporte.png\",\"width\":800,\"height\":500,\"caption\":\"Utrera ofrece una acci\u00f3n formativa gratuita para mayores de 52 a\u00f1os desempleados\"},{\"@type\":\"BreadcrumbList\",\"@id\":\"https:\\\/\\\/www.utrera.org\\\/formacion-gratuita-mayores-52-desempleados-utrera\\\/#breadcrumb\",\"itemListElement\":[{\"@type\":\"ListItem\",\"position\":1,\"name\":\"Inicio\",\"item\":\"https:\\\/\\\/www.utrera.org\\\/\"},{\"@type\":\"ListItem\",\"position\":2,\"name\":\"El Ayuntamiento de Utrera impulsa una nueva formaci\u00f3n en transporte para mayores de 52 a\u00f1o\"}]},{\"@type\":\"WebSite\",\"@id\":\"https:\\\/\\\/www.utrera.org\\\/#website\",\"url\":\"https:\\\/\\\/www.utrera.org\\\/\",\"name\":\"Ayuntamiento de Utrera\",\"description\":\"Web Municipal del Ayuntamiento de Utrera\",\"potentialAction\":[{\"@type\":\"SearchAction\",\"target\":{\"@type\":\"EntryPoint\",\"urlTemplate\":\"https:\\\/\\\/www.utrera.org\\\/?s={search_term_string}\"},\"query-input\":{\"@type\":\"PropertyValueSpecification\",\"valueRequired\":true,\"valueName\":\"search_term_string\"}}],\"inLanguage\":\"en-GB\"},{\"@type\":\"Person\",\"@id\":\"https:\\\/\\\/www.utrera.org\\\/#\\\/schema\\\/person\\\/e0aad5103777e9e4ce3f8a5100195eef\",\"name\":\"Ayuntamiento de Utrera\",\"image\":{\"@type\":\"ImageObject\",\"inLanguage\":\"en-GB\",\"@id\":\"https:\\\/\\\/secure.gravatar.com\\\/avatar\\\/85809c2d573a4a5a96cf61e736896a265a4d893602fcc49f190240eb2e8e010d?s=96&d=mm&r=g\",\"url\":\"https:\\\/\\\/secure.gravatar.com\\\/avatar\\\/85809c2d573a4a5a96cf61e736896a265a4d893602fcc49f190240eb2e8e010d?s=96&d=mm&r=g\",\"contentUrl\":\"https:\\\/\\\/secure.gravatar.com\\\/avatar\\\/85809c2d573a4a5a96cf61e736896a265a4d893602fcc49f190240eb2e8e010d?s=96&d=mm&r=g\",\"caption\":\"Ayuntamiento de Utrera\"},\"url\":\"https:\\\/\\\/www.utrera.org\\\/en\\\/author\\\/amontielvillena\\\/\"}]}<\/script>\n<!-- \/ Yoast SEO plugin. -->","yoast_head_json":{"title":"Utrera ofrece una formaci\u00f3n gratuita para mayores de 52 a\u00f1os desempleados","description":"El Ayuntamiento desarrolla una formaci\u00f3n gratuita para mayores de 52 a\u00f1os desempleados de larga duraci\u00f3n, con plazas limitadas.","robots":{"index":"index","follow":"follow","max-snippet":"max-snippet:-1","max-image-preview":"max-image-preview:large","max-video-preview":"max-video-preview:-1"},"canonical":"https:\/\/www.utrera.org\/en\/formacion-gratuita-mayores-52-desempleados-utrera\/","og_locale":"en_GB","og_type":"article","og_title":"Utrera ofrece una formaci\u00f3n gratuita para mayores de 52 a\u00f1os desempleados","og_description":"El Ayuntamiento desarrolla una formaci\u00f3n gratuita para mayores de 52 a\u00f1os desempleados de larga duraci\u00f3n, con plazas limitadas.","og_url":"https:\/\/www.utrera.org\/en\/formacion-gratuita-mayores-52-desempleados-utrera\/","og_site_name":"Ayuntamiento de Utrera","article_publisher":"https:\/\/www.facebook.com\/AyuntamientodeUtrera\/","article_published_time":"2026-04-27T12:18:15+00:00","article_modified_time":"2026-04-27T12:18:53+00:00","og_image":[{"width":800,"height":500,"url":"https:\/\/www.utrera.org\/wp-content\/uploads\/2026\/04\/transporte.png","type":"image\/png"}],"author":"Ayuntamiento de Utrera","twitter_card":"summary_large_image","twitter_creator":"@CiudadUtrera","twitter_site":"@CiudadUtrera","twitter_misc":{"Written by":"Ayuntamiento de Utrera","Est. reading time":"2 minutes"},"schema":{"@context":"https:\/\/schema.org","@graph":[{"@type":"Article","@id":"https:\/\/www.utrera.org\/formacion-gratuita-mayores-52-desempleados-utrera\/#article","isPartOf":{"@id":"https:\/\/www.utrera.org\/formacion-gratuita-mayores-52-desempleados-utrera\/"},"author":{"name":"Ayuntamiento de Utrera","@id":"https:\/\/www.utrera.org\/#\/schema\/person\/e0aad5103777e9e4ce3f8a5100195eef"},"headline":"El Ayuntamiento de Utrera impulsa una nueva formaci\u00f3n en transporte para mayores de 52 a\u00f1o","datePublished":"2026-04-27T12:18:15+00:00","dateModified":"2026-04-27T12:18:53+00:00","mainEntityOfPage":{"@id":"https:\/\/www.utrera.org\/formacion-gratuita-mayores-52-desempleados-utrera\/"},"wordCount":237,"image":{"@id":"https:\/\/www.utrera.org\/formacion-gratuita-mayores-52-desempleados-utrera\/#primaryimage"},"thumbnailUrl":"https:\/\/www.utrera.org\/wp-content\/uploads\/2026\/04\/transporte.png","articleSection":["\u200eNoticias Municipales"],"inLanguage":"en-GB"},{"@type":"WebPage","@id":"https:\/\/www.utrera.org\/formacion-gratuita-mayores-52-desempleados-utrera\/","url":"https:\/\/www.utrera.org\/formacion-gratuita-mayores-52-desempleados-utrera\/","name":"Utrera ofrece una formaci\u00f3n gratuita para mayores de 52 a\u00f1os desempleados","isPartOf":{"@id":"https:\/\/www.utrera.org\/#website"},"primaryImageOfPage":{"@id":"https:\/\/www.utrera.org\/formacion-gratuita-mayores-52-desempleados-utrera\/#primaryimage"},"image":{"@id":"https:\/\/www.utrera.org\/formacion-gratuita-mayores-52-desempleados-utrera\/#primaryimage"},"thumbnailUrl":"https:\/\/www.utrera.org\/wp-content\/uploads\/2026\/04\/transporte.png","datePublished":"2026-04-27T12:18:15+00:00","dateModified":"2026-04-27T12:18:53+00:00","author":{"@id":"https:\/\/www.utrera.org\/#\/schema\/person\/e0aad5103777e9e4ce3f8a5100195eef"},"description":"El Ayuntamiento desarrolla una formaci\u00f3n gratuita para mayores de 52 a\u00f1os desempleados de larga duraci\u00f3n, con plazas limitadas.","breadcrumb":{"@id":"https:\/\/www.utrera.org\/formacion-gratuita-mayores-52-desempleados-utrera\/#breadcrumb"},"inLanguage":"en-GB","potentialAction":[{"@type":"ReadAction","target":["https:\/\/www.utrera.org\/formacion-gratuita-mayores-52-desempleados-utrera\/"]}]},{"@type":"ImageObject","inLanguage":"en-GB","@id":"https:\/\/www.utrera.org\/formacion-gratuita-mayores-52-desempleados-utrera\/#primaryimage","url":"https:\/\/www.utrera.org\/wp-content\/uploads\/2026\/04\/transporte.png","contentUrl":"https:\/\/www.utrera.org\/wp-content\/uploads\/2026\/04\/transporte.png","width":800,"height":500,"caption":"Utrera ofrece una acci\u00f3n formativa gratuita para mayores de 52 a\u00f1os desempleados"},{"@type":"BreadcrumbList","@id":"https:\/\/www.utrera.org\/formacion-gratuita-mayores-52-desempleados-utrera\/#breadcrumb","itemListElement":[{"@type":"ListItem","position":1,"name":"Inicio","item":"https:\/\/www.utrera.org\/"},{"@type":"ListItem","position":2,"name":"El Ayuntamiento de Utrera impulsa una nueva formaci\u00f3n en transporte para mayores de 52 a\u00f1o"}]},{"@type":"WebSite","@id":"https:\/\/www.utrera.org\/#website","url":"https:\/\/www.utrera.org\/","name":"City Council of Utrera","description":"Web Municipal del Ayuntamiento de Utrera","potentialAction":[{"@type":"SearchAction","target":{"@type":"EntryPoint","urlTemplate":"https:\/\/www.utrera.org\/?s={search_term_string}"},"query-input":{"@type":"PropertyValueSpecification","valueRequired":true,"valueName":"search_term_string"}}],"inLanguage":"en-GB"},{"@type":"Person","@id":"https:\/\/www.utrera.org\/#\/schema\/person\/e0aad5103777e9e4ce3f8a5100195eef","name":"City Council of Utrera","image":{"@type":"ImageObject","inLanguage":"en-GB","@id":"https:\/\/secure.gravatar.com\/avatar\/85809c2d573a4a5a96cf61e736896a265a4d893602fcc49f190240eb2e8e010d?s=96&d=mm&r=g","url":"https:\/\/secure.gravatar.com\/avatar\/85809c2d573a4a5a96cf61e736896a265a4d893602fcc49f190240eb2e8e010d?s=96&d=mm&r=g","contentUrl":"https:\/\/secure.gravatar.com\/avatar\/85809c2d573a4a5a96cf61e736896a265a4d893602fcc49f190240eb2e8e010d?s=96&d=mm&r=g","caption":"Ayuntamiento de Utrera"},"url":"https:\/\/www.utrera.org\/en\/author\/amontielvillena\/"}]}},"_links":{"self":[{"href":"https:\/\/www.utrera.org\/en\/wp-json\/wp\/v2\/posts\/64171","targetHints":{"allow":["GET"]}}],"collection":[{"href":"https:\/\/www.utrera.org\/en\/wp-json\/wp\/v2\/posts"}],"about":[{"href":"https:\/\/www.utrera.org\/en\/wp-json\/wp\/v2\/types\/post"}],"author":[{"embeddable":true,"href":"https:\/\/www.utrera.org\/en\/wp-json\/wp\/v2\/users\/15"}],"replies":[{"embeddable":true,"href":"https:\/\/www.utrera.org\/en\/wp-json\/wp\/v2\/comments?post=64171"}],"version-history":[{"count":2,"href":"https:\/\/www.utrera.org\/en\/wp-json\/wp\/v2\/posts\/64171\/revisions"}],"predecessor-version":[{"id":64175,"href":"https:\/\/www.utrera.org\/en\/wp-json\/wp\/v2\/posts\/64171\/revisions\/64175"}],"wp:featuredmedia":[{"embeddable":true,"href":"https:\/\/www.utrera.org\/en\/wp-json\/wp\/v2\/media\/64172"}],"wp:attachment":[{"href":"https:\/\/www.utrera.org\/en\/wp-json\/wp\/v2\/media?parent=64171"}],"wp:term":[{"taxonomy":"category","embeddable":true,"href":"https:\/\/www.utrera.org\/en\/wp-json\/wp\/v2\/categories?post=64171"},{"taxonomy":"post_tag","embeddable":true,"href":"https:\/\/www.utrera.org\/en\/wp-json\/wp\/v2\/tags?post=64171"}],"curies":[{"name":"wp","href":"https:\/\/api.w.org\/{rel}","templated":true}]}}