{"id":63740,"date":"2026-03-16T11:09:55","date_gmt":"2026-03-16T10:09:55","guid":{"rendered":"https:\/\/www.utrera.org\/?p=63740"},"modified":"2026-03-16T11:09:55","modified_gmt":"2026-03-16T10:09:55","slug":"comision-municipal-absentismo-escolar-utrera","status":"publish","type":"post","link":"https:\/\/www.utrera.org\/en\/comision-municipal-absentismo-escolar-utrera\/","title":{"rendered":"El Ayuntamiento celebra la Comisi\u00f3n Municipal de Absentismo Escolar para reforzar su coordinaci\u00f3n en Utrera"},"content":{"rendered":"<p>El <strong data-start=\"114\" data-end=\"140\">City Council of Utrera<\/strong> celebr\u00f3 el pasado viernes la <strong data-start=\"170\" data-end=\"214\">Comisi\u00f3n Municipal de Absentismo Escolar<\/strong> con el fin de reforzar la coordinaci\u00f3n entre <strong data-start=\"260\" data-end=\"280\">administraciones<\/strong> y <strong data-start=\"283\" data-end=\"300\">profesionales<\/strong> implicados en la <strong data-start=\"318\" data-end=\"332\">prevenci\u00f3n<\/strong> y <strong data-start=\"335\" data-end=\"361\">control del absentismo<\/strong> en la <strong data-start=\"368\" data-end=\"378\">ciudad<\/strong>.<br \/>\n<br data-start=\"379\" data-end=\"382\" \/>Durante la sesi\u00f3n se abordaron distintos asuntos relacionados con la situaci\u00f3n del <strong data-start=\"465\" data-end=\"487\">absentismo escolar<\/strong> en la localidad y se avanz\u00f3 en nuevas <strong data-start=\"526\" data-end=\"542\">herramientas<\/strong> que permitir\u00e1n mejorar la <strong data-start=\"569\" data-end=\"585\">intervenci\u00f3n<\/strong> y el <strong data-start=\"591\" data-end=\"606\">seguimiento<\/strong> de los casos.<br \/>\n<br data-start=\"620\" data-end=\"623\" \/>Entre los acuerdos m\u00e1s relevantes destaca la elaboraci\u00f3n de un <strong data-start=\"686\" data-end=\"706\">borrador inicial<\/strong> del <strong data-start=\"711\" data-end=\"792\">Protocolo de Intervenci\u00f3n para la Prevenci\u00f3n y Control del Absentismo Escolar<\/strong>, un documento que establecer\u00e1 un marco de actuaci\u00f3n com\u00fan para las distintas <strong data-start=\"870\" data-end=\"890\">administraciones<\/strong> y <strong data-start=\"893\" data-end=\"910\">profesionales<\/strong> implicados, con el objetivo de mejorar la <strong data-start=\"953\" data-end=\"975\">detecci\u00f3n temprana<\/strong> y la <strong data-start=\"981\" data-end=\"997\">intervenci\u00f3n<\/strong> en los casos de <strong data-start=\"1014\" data-end=\"1028\">absentismo<\/strong>.<br \/>\n<br data-start=\"1029\" data-end=\"1032\" \/>Tambi\u00e9n se present\u00f3 un resumen de los casos registrados durante el <strong data-start=\"1099\" data-end=\"1118\">curso 2024\/2025<\/strong>, para analizar la evoluci\u00f3n de esta problem\u00e1tica en la <strong data-start=\"1174\" data-end=\"1187\">localidad<\/strong> y reforzar las estrategias de <strong data-start=\"1218\" data-end=\"1231\">actuaci\u00f3n<\/strong>. Asimismo, se abordaron los procedimientos que se aplican en los <strong data-start=\"1297\" data-end=\"1319\">centros educativos<\/strong> de <strong data-start=\"1323\" data-end=\"1334\">Sevilla<\/strong>, como referencia para mejorar la <strong data-start=\"1368\" data-end=\"1384\">coordinaci\u00f3n<\/strong> y el trabajo conjunto en <strong data-start=\"1410\" data-end=\"1420\">Utrera<\/strong>.<br \/>\n<br data-start=\"1421\" data-end=\"1424\" \/>Otro de los puntos destacados fue la constituci\u00f3n del <strong data-start=\"1478\" data-end=\"1528\">equipo t\u00e9cnico municipal de absentismo escolar<\/strong>, en el que se han definido sus <strong data-start=\"1560\" data-end=\"1573\">funciones<\/strong> y su papel dentro del sistema de <strong data-start=\"1607\" data-end=\"1622\">seguimiento<\/strong> y <strong data-start=\"1625\" data-end=\"1638\">actuaci\u00f3n<\/strong> ante posibles situaciones de <strong data-start=\"1668\" data-end=\"1690\">absentismo escolar<\/strong>.<br \/>\n<br data-start=\"1691\" data-end=\"1694\" \/>El delegado de <strong data-start=\"1709\" data-end=\"1722\">Educaci\u00f3n<\/strong>, <strong data-start=\"1724\" data-end=\"1744\">Francisco Arjona<\/strong>, presidi\u00f3 la reuni\u00f3n a la que asistieron <strong data-start=\"1786\" data-end=\"1811\">trabajadoras sociales<\/strong>, representantes de la delegaci\u00f3n municipal de <strong data-start=\"1858\" data-end=\"1871\">Educaci\u00f3n<\/strong>, <strong data-start=\"1873\" data-end=\"1909\">directores de centros educativos<\/strong> y <strong data-start=\"1912\" data-end=\"1943\">agentes de la Polic\u00eda Local<\/strong>, todos ellos implicados en la <strong data-start=\"1974\" data-end=\"1988\">prevenci\u00f3n<\/strong> y el <strong data-start=\"1994\" data-end=\"2020\">control del absentismo<\/strong> desde sus respectivos \u00e1mbitos de actuaci\u00f3n.<br \/>\n<br data-start=\"2064\" data-end=\"2067\" \/>La jornada cont\u00f3 adem\u00e1s con la visita de <strong data-start=\"2108\" data-end=\"2133\">Rafael Mart\u00edn Humanes<\/strong>, <strong data-start=\"2135\" data-end=\"2241\">secretario general provincial de Desarrollo Educativo y Formaci\u00f3n Profesional de la Junta de Andaluc\u00eda<\/strong>, quien mantuvo un encuentro con el <strong data-start=\"2277\" data-end=\"2317\">alcalde de Utrera, Francisco Jim\u00e9nez<\/strong>, y con el delegado municipal de <strong data-start=\"2350\" data-end=\"2363\">Educaci\u00f3n<\/strong> para abordar distintos asuntos <strong data-start=\"2395\" data-end=\"2409\">educativos<\/strong> de inter\u00e9s para la <strong data-start=\"2429\" data-end=\"2442\">localidad<\/strong>.<\/p>","protected":false},"excerpt":{"rendered":"<p>El Ayuntamiento de Utrera celebr\u00f3 el pasado viernes la Comisi\u00f3n Municipal de Absentismo Escolar con el fin de reforzar la coordinaci\u00f3n entre administraciones y profesionales implicados en la prevenci\u00f3n y control del absentismo en la ciudad. Durante la sesi\u00f3n se abordaron distintos asuntos relacionados con la situaci\u00f3n del absentismo escolar en la localidad y se [&hellip;]<\/p>\n","protected":false},"author":15,"featured_media":63741,"comment_status":"closed","ping_status":"closed","sticky":false,"template":"","format":"standard","meta":{"_et_pb_use_builder":"","_et_pb_old_content":"","_et_gb_content_width":"","footnotes":""},"categories":[1],"tags":[],"class_list":["post-63740","post","type-post","status-publish","format-standard","has-post-thumbnail","hentry","category-noticias-municipales","et-has-post-format-content","et_post_format-et-post-format-standard"],"yoast_head":"<!-- This site is optimized with the Yoast SEO plugin v27.3 - https:\/\/yoast.com\/product\/yoast-seo-wordpress\/ -->\n<title>Comisi\u00f3n Municipal de Absentismo Escolar en Utrera<\/title>\n<meta name=\"description\" content=\"El Ayuntamiento celebra la Comisi\u00f3n Municipal de Absentismo Escolar para reforzar la coordinaci\u00f3n entre administraciones y profesionales.\" \/>\n<meta name=\"robots\" content=\"index, follow, max-snippet:-1, max-image-preview:large, max-video-preview:-1\" \/>\n<link rel=\"canonical\" href=\"https:\/\/www.utrera.org\/en\/comision-municipal-absentismo-escolar-utrera\/\" \/>\n<meta property=\"og:locale\" content=\"en_GB\" \/>\n<meta property=\"og:type\" content=\"article\" \/>\n<meta property=\"og:title\" content=\"Comisi\u00f3n Municipal de Absentismo Escolar en Utrera\" \/>\n<meta property=\"og:description\" content=\"El Ayuntamiento celebra la Comisi\u00f3n Municipal de Absentismo Escolar para reforzar la coordinaci\u00f3n entre administraciones y profesionales.\" \/>\n<meta property=\"og:url\" content=\"https:\/\/www.utrera.org\/en\/comision-municipal-absentismo-escolar-utrera\/\" \/>\n<meta property=\"og:site_name\" content=\"Ayuntamiento de Utrera\" \/>\n<meta property=\"article:publisher\" content=\"https:\/\/www.facebook.com\/AyuntamientodeUtrera\/\" \/>\n<meta property=\"article:published_time\" content=\"2026-03-16T10:09:55+00:00\" \/>\n<meta property=\"og:image\" content=\"https:\/\/www.utrera.org\/wp-content\/uploads\/2026\/03\/comision-absentismo-2-scaled.jpeg\" \/>\n\t<meta property=\"og:image:width\" content=\"2560\" \/>\n\t<meta property=\"og:image:height\" content=\"1437\" \/>\n\t<meta property=\"og:image:type\" content=\"image\/jpeg\" \/>\n<meta name=\"author\" content=\"Ayuntamiento de Utrera\" \/>\n<meta name=\"twitter:card\" content=\"summary_large_image\" \/>\n<meta name=\"twitter:creator\" content=\"@CiudadUtrera\" \/>\n<meta name=\"twitter:site\" content=\"@CiudadUtrera\" \/>\n<meta name=\"twitter:label1\" content=\"Written by\" \/>\n\t<meta name=\"twitter:data1\" content=\"Ayuntamiento de Utrera\" \/>\n\t<meta name=\"twitter:label2\" content=\"Est. reading time\" \/>\n\t<meta name=\"twitter:data2\" content=\"2 minutes\" \/>\n<script type=\"application\/ld+json\" class=\"yoast-schema-graph\">{\"@context\":\"https:\\\/\\\/schema.org\",\"@graph\":[{\"@type\":\"Article\",\"@id\":\"https:\\\/\\\/www.utrera.org\\\/comision-municipal-absentismo-escolar-utrera\\\/#article\",\"isPartOf\":{\"@id\":\"https:\\\/\\\/www.utrera.org\\\/comision-municipal-absentismo-escolar-utrera\\\/\"},\"author\":{\"name\":\"Ayuntamiento de Utrera\",\"@id\":\"https:\\\/\\\/www.utrera.org\\\/#\\\/schema\\\/person\\\/e0aad5103777e9e4ce3f8a5100195eef\"},\"headline\":\"El Ayuntamiento celebra la Comisi\u00f3n Municipal de Absentismo Escolar para reforzar su coordinaci\u00f3n en Utrera\",\"datePublished\":\"2026-03-16T10:09:55+00:00\",\"mainEntityOfPage\":{\"@id\":\"https:\\\/\\\/www.utrera.org\\\/comision-municipal-absentismo-escolar-utrera\\\/\"},\"wordCount\":375,\"image\":{\"@id\":\"https:\\\/\\\/www.utrera.org\\\/comision-municipal-absentismo-escolar-utrera\\\/#primaryimage\"},\"thumbnailUrl\":\"https:\\\/\\\/www.utrera.org\\\/wp-content\\\/uploads\\\/2026\\\/03\\\/comision-absentismo-2-scaled.jpeg\",\"articleSection\":[\"\u200eNoticias Municipales\"],\"inLanguage\":\"en-GB\"},{\"@type\":\"WebPage\",\"@id\":\"https:\\\/\\\/www.utrera.org\\\/comision-municipal-absentismo-escolar-utrera\\\/\",\"url\":\"https:\\\/\\\/www.utrera.org\\\/comision-municipal-absentismo-escolar-utrera\\\/\",\"name\":\"Comisi\u00f3n Municipal de Absentismo Escolar en Utrera\",\"isPartOf\":{\"@id\":\"https:\\\/\\\/www.utrera.org\\\/#website\"},\"primaryImageOfPage\":{\"@id\":\"https:\\\/\\\/www.utrera.org\\\/comision-municipal-absentismo-escolar-utrera\\\/#primaryimage\"},\"image\":{\"@id\":\"https:\\\/\\\/www.utrera.org\\\/comision-municipal-absentismo-escolar-utrera\\\/#primaryimage\"},\"thumbnailUrl\":\"https:\\\/\\\/www.utrera.org\\\/wp-content\\\/uploads\\\/2026\\\/03\\\/comision-absentismo-2-scaled.jpeg\",\"datePublished\":\"2026-03-16T10:09:55+00:00\",\"author\":{\"@id\":\"https:\\\/\\\/www.utrera.org\\\/#\\\/schema\\\/person\\\/e0aad5103777e9e4ce3f8a5100195eef\"},\"description\":\"El Ayuntamiento celebra la Comisi\u00f3n Municipal de Absentismo Escolar para reforzar la coordinaci\u00f3n entre administraciones y profesionales.\",\"breadcrumb\":{\"@id\":\"https:\\\/\\\/www.utrera.org\\\/comision-municipal-absentismo-escolar-utrera\\\/#breadcrumb\"},\"inLanguage\":\"en-GB\",\"potentialAction\":[{\"@type\":\"ReadAction\",\"target\":[\"https:\\\/\\\/www.utrera.org\\\/comision-municipal-absentismo-escolar-utrera\\\/\"]}]},{\"@type\":\"ImageObject\",\"inLanguage\":\"en-GB\",\"@id\":\"https:\\\/\\\/www.utrera.org\\\/comision-municipal-absentismo-escolar-utrera\\\/#primaryimage\",\"url\":\"https:\\\/\\\/www.utrera.org\\\/wp-content\\\/uploads\\\/2026\\\/03\\\/comision-absentismo-2-scaled.jpeg\",\"contentUrl\":\"https:\\\/\\\/www.utrera.org\\\/wp-content\\\/uploads\\\/2026\\\/03\\\/comision-absentismo-2-scaled.jpeg\",\"width\":2560,\"height\":1437,\"caption\":\"Reuni\u00f3n de la Comisi\u00f3n Municipal de Absentismo Escolar en Utrera\"},{\"@type\":\"BreadcrumbList\",\"@id\":\"https:\\\/\\\/www.utrera.org\\\/comision-municipal-absentismo-escolar-utrera\\\/#breadcrumb\",\"itemListElement\":[{\"@type\":\"ListItem\",\"position\":1,\"name\":\"Inicio\",\"item\":\"https:\\\/\\\/www.utrera.org\\\/\"},{\"@type\":\"ListItem\",\"position\":2,\"name\":\"El Ayuntamiento celebra la Comisi\u00f3n Municipal de Absentismo Escolar para reforzar su coordinaci\u00f3n en Utrera\"}]},{\"@type\":\"WebSite\",\"@id\":\"https:\\\/\\\/www.utrera.org\\\/#website\",\"url\":\"https:\\\/\\\/www.utrera.org\\\/\",\"name\":\"Ayuntamiento de Utrera\",\"description\":\"Web Municipal del Ayuntamiento de Utrera\",\"potentialAction\":[{\"@type\":\"SearchAction\",\"target\":{\"@type\":\"EntryPoint\",\"urlTemplate\":\"https:\\\/\\\/www.utrera.org\\\/?s={search_term_string}\"},\"query-input\":{\"@type\":\"PropertyValueSpecification\",\"valueRequired\":true,\"valueName\":\"search_term_string\"}}],\"inLanguage\":\"en-GB\"},{\"@type\":\"Person\",\"@id\":\"https:\\\/\\\/www.utrera.org\\\/#\\\/schema\\\/person\\\/e0aad5103777e9e4ce3f8a5100195eef\",\"name\":\"Ayuntamiento de Utrera\",\"image\":{\"@type\":\"ImageObject\",\"inLanguage\":\"en-GB\",\"@id\":\"https:\\\/\\\/secure.gravatar.com\\\/avatar\\\/85809c2d573a4a5a96cf61e736896a265a4d893602fcc49f190240eb2e8e010d?s=96&d=mm&r=g\",\"url\":\"https:\\\/\\\/secure.gravatar.com\\\/avatar\\\/85809c2d573a4a5a96cf61e736896a265a4d893602fcc49f190240eb2e8e010d?s=96&d=mm&r=g\",\"contentUrl\":\"https:\\\/\\\/secure.gravatar.com\\\/avatar\\\/85809c2d573a4a5a96cf61e736896a265a4d893602fcc49f190240eb2e8e010d?s=96&d=mm&r=g\",\"caption\":\"Ayuntamiento de Utrera\"},\"url\":\"https:\\\/\\\/www.utrera.org\\\/en\\\/author\\\/amontielvillena\\\/\"}]}<\/script>\n<!-- \/ Yoast SEO plugin. -->","yoast_head_json":{"title":"Comisi\u00f3n Municipal de Absentismo Escolar en Utrera","description":"El Ayuntamiento celebra la Comisi\u00f3n Municipal de Absentismo Escolar para reforzar la coordinaci\u00f3n entre administraciones y profesionales.","robots":{"index":"index","follow":"follow","max-snippet":"max-snippet:-1","max-image-preview":"max-image-preview:large","max-video-preview":"max-video-preview:-1"},"canonical":"https:\/\/www.utrera.org\/en\/comision-municipal-absentismo-escolar-utrera\/","og_locale":"en_GB","og_type":"article","og_title":"Comisi\u00f3n Municipal de Absentismo Escolar en Utrera","og_description":"El Ayuntamiento celebra la Comisi\u00f3n Municipal de Absentismo Escolar para reforzar la coordinaci\u00f3n entre administraciones y profesionales.","og_url":"https:\/\/www.utrera.org\/en\/comision-municipal-absentismo-escolar-utrera\/","og_site_name":"Ayuntamiento de Utrera","article_publisher":"https:\/\/www.facebook.com\/AyuntamientodeUtrera\/","article_published_time":"2026-03-16T10:09:55+00:00","og_image":[{"width":2560,"height":1437,"url":"https:\/\/www.utrera.org\/wp-content\/uploads\/2026\/03\/comision-absentismo-2-scaled.jpeg","type":"image\/jpeg"}],"author":"Ayuntamiento de Utrera","twitter_card":"summary_large_image","twitter_creator":"@CiudadUtrera","twitter_site":"@CiudadUtrera","twitter_misc":{"Written by":"Ayuntamiento de Utrera","Est. reading time":"2 minutes"},"schema":{"@context":"https:\/\/schema.org","@graph":[{"@type":"Article","@id":"https:\/\/www.utrera.org\/comision-municipal-absentismo-escolar-utrera\/#article","isPartOf":{"@id":"https:\/\/www.utrera.org\/comision-municipal-absentismo-escolar-utrera\/"},"author":{"name":"Ayuntamiento de Utrera","@id":"https:\/\/www.utrera.org\/#\/schema\/person\/e0aad5103777e9e4ce3f8a5100195eef"},"headline":"El Ayuntamiento celebra la Comisi\u00f3n Municipal de Absentismo Escolar para reforzar su coordinaci\u00f3n en Utrera","datePublished":"2026-03-16T10:09:55+00:00","mainEntityOfPage":{"@id":"https:\/\/www.utrera.org\/comision-municipal-absentismo-escolar-utrera\/"},"wordCount":375,"image":{"@id":"https:\/\/www.utrera.org\/comision-municipal-absentismo-escolar-utrera\/#primaryimage"},"thumbnailUrl":"https:\/\/www.utrera.org\/wp-content\/uploads\/2026\/03\/comision-absentismo-2-scaled.jpeg","articleSection":["\u200eNoticias Municipales"],"inLanguage":"en-GB"},{"@type":"WebPage","@id":"https:\/\/www.utrera.org\/comision-municipal-absentismo-escolar-utrera\/","url":"https:\/\/www.utrera.org\/comision-municipal-absentismo-escolar-utrera\/","name":"Comisi\u00f3n Municipal de Absentismo Escolar en Utrera","isPartOf":{"@id":"https:\/\/www.utrera.org\/#website"},"primaryImageOfPage":{"@id":"https:\/\/www.utrera.org\/comision-municipal-absentismo-escolar-utrera\/#primaryimage"},"image":{"@id":"https:\/\/www.utrera.org\/comision-municipal-absentismo-escolar-utrera\/#primaryimage"},"thumbnailUrl":"https:\/\/www.utrera.org\/wp-content\/uploads\/2026\/03\/comision-absentismo-2-scaled.jpeg","datePublished":"2026-03-16T10:09:55+00:00","author":{"@id":"https:\/\/www.utrera.org\/#\/schema\/person\/e0aad5103777e9e4ce3f8a5100195eef"},"description":"El Ayuntamiento celebra la Comisi\u00f3n Municipal de Absentismo Escolar para reforzar la coordinaci\u00f3n entre administraciones y profesionales.","breadcrumb":{"@id":"https:\/\/www.utrera.org\/comision-municipal-absentismo-escolar-utrera\/#breadcrumb"},"inLanguage":"en-GB","potentialAction":[{"@type":"ReadAction","target":["https:\/\/www.utrera.org\/comision-municipal-absentismo-escolar-utrera\/"]}]},{"@type":"ImageObject","inLanguage":"en-GB","@id":"https:\/\/www.utrera.org\/comision-municipal-absentismo-escolar-utrera\/#primaryimage","url":"https:\/\/www.utrera.org\/wp-content\/uploads\/2026\/03\/comision-absentismo-2-scaled.jpeg","contentUrl":"https:\/\/www.utrera.org\/wp-content\/uploads\/2026\/03\/comision-absentismo-2-scaled.jpeg","width":2560,"height":1437,"caption":"Reuni\u00f3n de la Comisi\u00f3n Municipal de Absentismo Escolar en Utrera"},{"@type":"BreadcrumbList","@id":"https:\/\/www.utrera.org\/comision-municipal-absentismo-escolar-utrera\/#breadcrumb","itemListElement":[{"@type":"ListItem","position":1,"name":"Inicio","item":"https:\/\/www.utrera.org\/"},{"@type":"ListItem","position":2,"name":"El Ayuntamiento celebra la Comisi\u00f3n Municipal de Absentismo Escolar para reforzar su coordinaci\u00f3n en Utrera"}]},{"@type":"WebSite","@id":"https:\/\/www.utrera.org\/#website","url":"https:\/\/www.utrera.org\/","name":"City Council of Utrera","description":"Web Municipal del Ayuntamiento de Utrera","potentialAction":[{"@type":"SearchAction","target":{"@type":"EntryPoint","urlTemplate":"https:\/\/www.utrera.org\/?s={search_term_string}"},"query-input":{"@type":"PropertyValueSpecification","valueRequired":true,"valueName":"search_term_string"}}],"inLanguage":"en-GB"},{"@type":"Person","@id":"https:\/\/www.utrera.org\/#\/schema\/person\/e0aad5103777e9e4ce3f8a5100195eef","name":"City Council of Utrera","image":{"@type":"ImageObject","inLanguage":"en-GB","@id":"https:\/\/secure.gravatar.com\/avatar\/85809c2d573a4a5a96cf61e736896a265a4d893602fcc49f190240eb2e8e010d?s=96&d=mm&r=g","url":"https:\/\/secure.gravatar.com\/avatar\/85809c2d573a4a5a96cf61e736896a265a4d893602fcc49f190240eb2e8e010d?s=96&d=mm&r=g","contentUrl":"https:\/\/secure.gravatar.com\/avatar\/85809c2d573a4a5a96cf61e736896a265a4d893602fcc49f190240eb2e8e010d?s=96&d=mm&r=g","caption":"Ayuntamiento de Utrera"},"url":"https:\/\/www.utrera.org\/en\/author\/amontielvillena\/"}]}},"_links":{"self":[{"href":"https:\/\/www.utrera.org\/en\/wp-json\/wp\/v2\/posts\/63740","targetHints":{"allow":["GET"]}}],"collection":[{"href":"https:\/\/www.utrera.org\/en\/wp-json\/wp\/v2\/posts"}],"about":[{"href":"https:\/\/www.utrera.org\/en\/wp-json\/wp\/v2\/types\/post"}],"author":[{"embeddable":true,"href":"https:\/\/www.utrera.org\/en\/wp-json\/wp\/v2\/users\/15"}],"replies":[{"embeddable":true,"href":"https:\/\/www.utrera.org\/en\/wp-json\/wp\/v2\/comments?post=63740"}],"version-history":[{"count":1,"href":"https:\/\/www.utrera.org\/en\/wp-json\/wp\/v2\/posts\/63740\/revisions"}],"predecessor-version":[{"id":63742,"href":"https:\/\/www.utrera.org\/en\/wp-json\/wp\/v2\/posts\/63740\/revisions\/63742"}],"wp:featuredmedia":[{"embeddable":true,"href":"https:\/\/www.utrera.org\/en\/wp-json\/wp\/v2\/media\/63741"}],"wp:attachment":[{"href":"https:\/\/www.utrera.org\/en\/wp-json\/wp\/v2\/media?parent=63740"}],"wp:term":[{"taxonomy":"category","embeddable":true,"href":"https:\/\/www.utrera.org\/en\/wp-json\/wp\/v2\/categories?post=63740"},{"taxonomy":"post_tag","embeddable":true,"href":"https:\/\/www.utrera.org\/en\/wp-json\/wp\/v2\/tags?post=63740"}],"curies":[{"name":"wp","href":"https:\/\/api.w.org\/{rel}","templated":true}]}}