{"id":63737,"date":"2026-03-16T11:05:51","date_gmt":"2026-03-16T10:05:51","guid":{"rendered":"https:\/\/www.utrera.org\/?p=63737"},"modified":"2026-03-16T11:05:51","modified_gmt":"2026-03-16T10:05:51","slug":"restauracion-puerta-del-perdon-parroquia-santa-maria-utrera","status":"publish","type":"post","link":"https:\/\/www.utrera.org\/en\/restauracion-puerta-del-perdon-parroquia-santa-maria-utrera\/","title":{"rendered":"El Ayuntamiento de Utrera restaura \u00edntegramente la Puerta del Perd\u00f3n de la Parroquia de Santa Mar\u00eda de la Mesa"},"content":{"rendered":"<p data-start=\"73\" data-end=\"378\">El <strong data-start=\"76\" data-end=\"102\">City Council of Utrera<\/strong> ha culminado la <strong data-start=\"119\" data-end=\"144\">restauraci\u00f3n integral<\/strong> de la <strong data-start=\"151\" data-end=\"172\">Puerta del Perd\u00f3n<\/strong> de la <strong data-start=\"179\" data-end=\"218\">parroquia de Santa Mar\u00eda de la Mesa<\/strong>, una intervenci\u00f3n que ha contado con una <strong data-start=\"260\" data-end=\"283\">inversi\u00f3n municipal<\/strong> de <strong data-start=\"287\" data-end=\"303\">30.000 euros<\/strong> financiados a trav\u00e9s del <strong data-start=\"329\" data-end=\"375\">Plan Estrat\u00e9gico de Subvenciones 2024-2026<\/strong>.<\/p>\n<p data-start=\"380\" data-end=\"764\">La <strong data-start=\"383\" data-end=\"393\">puerta<\/strong> presentaba diversas <strong data-start=\"414\" data-end=\"428\">patolog\u00edas<\/strong> que afectaban tanto a su <strong data-start=\"454\" data-end=\"471\">funcionalidad<\/strong> como a su <strong data-start=\"482\" data-end=\"494\">est\u00e9tica<\/strong>. Especialmente deteriorada se encontraba la <strong data-start=\"539\" data-end=\"555\">hoja derecha<\/strong>, que incluso amenazaba con desprenderse. Adem\u00e1s, la <strong data-start=\"608\" data-end=\"618\">madera<\/strong> se encontraba afectada por <strong data-start=\"646\" data-end=\"659\">xil\u00f3fagos<\/strong>, lo que hab\u00eda provocado el <strong data-start=\"687\" data-end=\"700\">deterioro<\/strong> de la parte inferior y el <strong data-start=\"727\" data-end=\"761\">desprendimiento de una bisagra<\/strong>.<\/p>\n<p data-start=\"766\" data-end=\"1079\">\u201cSe trata de una <strong data-start=\"783\" data-end=\"806\">actuaci\u00f3n necesaria<\/strong> que no solo recupera la <strong data-start=\"831\" data-end=\"848\">funcionalidad<\/strong> de esta <strong data-start=\"857\" data-end=\"878\">puerta monumental<\/strong>, sino que tambi\u00e9n pone en valor una parte muy importante de la <strong data-start=\"942\" data-end=\"972\">historia de nuestra ciudad<\/strong> y de uno de sus <strong data-start=\"989\" data-end=\"1017\">templos m\u00e1s emblem\u00e1ticos<\/strong>\u201d, ha explicado el <strong data-start=\"1036\" data-end=\"1076\">alcalde de Utrera, Francisco Jim\u00e9nez<\/strong>.<\/p>\n<p data-start=\"1081\" data-end=\"1464\">Los <strong data-start=\"1085\" data-end=\"1097\">trabajos<\/strong>, ejecutados por el <strong data-start=\"1117\" data-end=\"1147\">Taller de Enrique Castillo<\/strong>, han consistido en el <strong data-start=\"1170\" data-end=\"1206\">descuelgue completo de la puerta<\/strong> para proceder a su <strong data-start=\"1226\" data-end=\"1251\">restauraci\u00f3n integral<\/strong>. Entre las actuaciones realizadas destaca la <strong data-start=\"1297\" data-end=\"1359\">reparaci\u00f3n de las bisagras de borne de casquillo o tintero<\/strong>, que se hab\u00edan hundido en el suelo y constitu\u00edan la principal causa del desplazamiento de la <strong data-start=\"1453\" data-end=\"1461\">hoja<\/strong>.<\/p>\n<p data-start=\"1466\" data-end=\"1851\">Asimismo, se han aplicado <strong data-start=\"1492\" data-end=\"1541\">tratamientos espec\u00edficos contra los xil\u00f3fagos<\/strong> y se han llevado a cabo labores de <strong data-start=\"1577\" data-end=\"1608\">rehabilitaci\u00f3n de la madera<\/strong>. En este sentido, se ha sustituido la <strong data-start=\"1647\" data-end=\"1673\">zona baja de la puerta<\/strong>, compuesta por <strong data-start=\"1689\" data-end=\"1710\">tablillas de pino<\/strong> fruto de intervenciones anteriores, por <strong data-start=\"1751\" data-end=\"1777\">madera de caoba cubana<\/strong>, el mismo material que conforma el resto de la <strong data-start=\"1825\" data-end=\"1848\">estructura original<\/strong>.<\/p>\n<h3 data-section-id=\"1h2o1an\" data-start=\"1853\" data-end=\"1890\">Tres etapas diferentes halladas<\/h3>\n<p data-start=\"1891\" data-end=\"2596\">Desde el punto de vista hist\u00f3rico, seg\u00fan <strong data-start=\"1932\" data-end=\"1949\">Fernando Pozo<\/strong> y <strong data-start=\"1952\" data-end=\"1967\">Javier Mena<\/strong>, quienes se han encargado de la <strong data-start=\"2000\" data-end=\"2021\">direcci\u00f3n t\u00e9cnica<\/strong>, se han identificado en la <strong data-start=\"2049\" data-end=\"2059\">puerta<\/strong> elementos correspondientes a <strong data-start=\"2089\" data-end=\"2117\">tres momentos hist\u00f3ricos<\/strong> distintos. Los m\u00e1s antiguos, datados entre los <strong data-start=\"2165\" data-end=\"2186\">siglos XVI y XVII<\/strong>, corresponden a las <strong data-start=\"2207\" data-end=\"2226\">cabezas de le\u00f3n<\/strong> y a las <strong data-start=\"2235\" data-end=\"2255\">grandes bisagras<\/strong>. Del <strong data-start=\"2261\" data-end=\"2276\">siglo XVIII<\/strong> proceden los extraordinarios <strong data-start=\"2306\" data-end=\"2327\">herrajes de forja<\/strong> y los <strong data-start=\"2334\" data-end=\"2370\">clavos de dise\u00f1o m\u00e1s sofisticado<\/strong>, que representan el <strong data-start=\"2391\" data-end=\"2417\">escudo de la parroquia<\/strong> y son caracter\u00edsticos del <strong data-start=\"2444\" data-end=\"2462\">estilo barroco<\/strong>. Adem\u00e1s, se han detectado <strong data-start=\"2489\" data-end=\"2517\">reparaciones posteriores<\/strong> realizadas en los <strong data-start=\"2536\" data-end=\"2555\">siglos XIX y XX<\/strong>, en este \u00faltimo por <strong data-start=\"2576\" data-end=\"2593\">Pedro Hurtado<\/strong>.<\/p>\n<p data-start=\"2598\" data-end=\"3008\">La <strong data-start=\"2601\" data-end=\"2622\">Puerta del Perd\u00f3n<\/strong> est\u00e1 realizada en <strong data-start=\"2641\" data-end=\"2667\">madera de caoba cubana<\/strong> y cuenta con unas dimensiones de <strong data-start=\"2701\" data-end=\"2748\">4,7 metros de alto por 3,10 metros de ancho<\/strong>. Dispone adem\u00e1s de <strong data-start=\"2768\" data-end=\"2802\">dos portillos de 2 por 1 metro<\/strong> y cada hoja supera los <strong data-start=\"2826\" data-end=\"2854\">1.000 kilogramos de peso<\/strong>. La \u00faltima <strong data-start=\"2866\" data-end=\"2894\">intervenci\u00f3n documentada<\/strong> en esta <strong data-start=\"2903\" data-end=\"2913\">puerta<\/strong> se realiz\u00f3 en <strong data-start=\"2928\" data-end=\"2936\">1999<\/strong>, dentro del <strong data-start=\"2949\" data-end=\"3005\">proyecto de restauraci\u00f3n de la torre de la parroquia<\/strong>.<\/p>\n<p data-start=\"3010\" data-end=\"3194\">Adem\u00e1s de esta <strong data-start=\"3025\" data-end=\"3052\">actuaci\u00f3n ya finalizada<\/strong>, se va a acometer pr\u00f3ximamente la <strong data-start=\"3087\" data-end=\"3129\">restauraci\u00f3n de la Puerta de la Sombra<\/strong>, por la misma <strong data-start=\"3144\" data-end=\"3155\">empresa<\/strong> que ha ejecutado estos <strong data-start=\"3179\" data-end=\"3191\">trabajos<\/strong>.<\/p>","protected":false},"excerpt":{"rendered":"<p>El Ayuntamiento de Utrera ha culminado la restauraci\u00f3n integral de la Puerta del Perd\u00f3n de la parroquia de Santa Mar\u00eda de la Mesa, una intervenci\u00f3n que ha contado con una inversi\u00f3n municipal de 30.000 euros financiados a trav\u00e9s del Plan Estrat\u00e9gico de Subvenciones 2024-2026. La puerta presentaba diversas patolog\u00edas que afectaban tanto a su funcionalidad [&hellip;]<\/p>\n","protected":false},"author":15,"featured_media":63738,"comment_status":"closed","ping_status":"closed","sticky":false,"template":"","format":"standard","meta":{"_et_pb_use_builder":"","_et_pb_old_content":"","_et_gb_content_width":"","footnotes":""},"categories":[1],"tags":[],"class_list":["post-63737","post","type-post","status-publish","format-standard","has-post-thumbnail","hentry","category-noticias-municipales","et-has-post-format-content","et_post_format-et-post-format-standard"],"yoast_head":"<!-- This site is optimized with the Yoast SEO plugin v27.3 - https:\/\/yoast.com\/product\/yoast-seo-wordpress\/ -->\n<title>Restauraci\u00f3n de la puerta del Perd\u00f3n<\/title>\n<meta name=\"description\" content=\"El Ayuntamiento finaliza la restauraci\u00f3n integral de la Puerta del Perd\u00f3n de la parroquia de Santa Mar\u00eda de la Mesa.\" \/>\n<meta name=\"robots\" content=\"index, follow, max-snippet:-1, max-image-preview:large, max-video-preview:-1\" \/>\n<link rel=\"canonical\" href=\"https:\/\/www.utrera.org\/en\/restauracion-puerta-del-perdon-parroquia-santa-maria-utrera\/\" \/>\n<meta property=\"og:locale\" content=\"en_GB\" \/>\n<meta property=\"og:type\" content=\"article\" \/>\n<meta property=\"og:title\" content=\"Restauraci\u00f3n de la puerta del Perd\u00f3n\" \/>\n<meta property=\"og:description\" content=\"El Ayuntamiento finaliza la restauraci\u00f3n integral de la Puerta del Perd\u00f3n de la parroquia de Santa Mar\u00eda de la Mesa.\" \/>\n<meta property=\"og:url\" content=\"https:\/\/www.utrera.org\/en\/restauracion-puerta-del-perdon-parroquia-santa-maria-utrera\/\" \/>\n<meta property=\"og:site_name\" content=\"Ayuntamiento de Utrera\" \/>\n<meta property=\"article:publisher\" content=\"https:\/\/www.facebook.com\/AyuntamientodeUtrera\/\" \/>\n<meta property=\"article:published_time\" content=\"2026-03-16T10:05:51+00:00\" \/>\n<meta property=\"og:image\" content=\"https:\/\/www.utrera.org\/wp-content\/uploads\/2026\/03\/puerta-sta.-maria-3-scaled.jpeg\" \/>\n\t<meta property=\"og:image:width\" content=\"2560\" \/>\n\t<meta property=\"og:image:height\" content=\"1437\" \/>\n\t<meta property=\"og:image:type\" content=\"image\/jpeg\" \/>\n<meta name=\"author\" content=\"Ayuntamiento de Utrera\" \/>\n<meta name=\"twitter:card\" content=\"summary_large_image\" \/>\n<meta name=\"twitter:creator\" content=\"@CiudadUtrera\" \/>\n<meta name=\"twitter:site\" content=\"@CiudadUtrera\" \/>\n<meta name=\"twitter:label1\" content=\"Written by\" \/>\n\t<meta name=\"twitter:data1\" content=\"Ayuntamiento de Utrera\" \/>\n\t<meta name=\"twitter:label2\" content=\"Est. reading time\" \/>\n\t<meta name=\"twitter:data2\" content=\"3 minutes\" \/>\n<script type=\"application\/ld+json\" class=\"yoast-schema-graph\">{\"@context\":\"https:\\\/\\\/schema.org\",\"@graph\":[{\"@type\":\"Article\",\"@id\":\"https:\\\/\\\/www.utrera.org\\\/restauracion-puerta-del-perdon-parroquia-santa-maria-utrera\\\/#article\",\"isPartOf\":{\"@id\":\"https:\\\/\\\/www.utrera.org\\\/restauracion-puerta-del-perdon-parroquia-santa-maria-utrera\\\/\"},\"author\":{\"name\":\"Ayuntamiento de Utrera\",\"@id\":\"https:\\\/\\\/www.utrera.org\\\/#\\\/schema\\\/person\\\/e0aad5103777e9e4ce3f8a5100195eef\"},\"headline\":\"El Ayuntamiento de Utrera restaura \u00edntegramente la Puerta del Perd\u00f3n de la Parroquia de Santa Mar\u00eda de la Mesa\",\"datePublished\":\"2026-03-16T10:05:51+00:00\",\"mainEntityOfPage\":{\"@id\":\"https:\\\/\\\/www.utrera.org\\\/restauracion-puerta-del-perdon-parroquia-santa-maria-utrera\\\/\"},\"wordCount\":516,\"image\":{\"@id\":\"https:\\\/\\\/www.utrera.org\\\/restauracion-puerta-del-perdon-parroquia-santa-maria-utrera\\\/#primaryimage\"},\"thumbnailUrl\":\"https:\\\/\\\/www.utrera.org\\\/wp-content\\\/uploads\\\/2026\\\/03\\\/puerta-sta.-maria-3-scaled.jpeg\",\"articleSection\":[\"\u200eNoticias Municipales\"],\"inLanguage\":\"en-GB\"},{\"@type\":\"WebPage\",\"@id\":\"https:\\\/\\\/www.utrera.org\\\/restauracion-puerta-del-perdon-parroquia-santa-maria-utrera\\\/\",\"url\":\"https:\\\/\\\/www.utrera.org\\\/restauracion-puerta-del-perdon-parroquia-santa-maria-utrera\\\/\",\"name\":\"Restauraci\u00f3n de la puerta del Perd\u00f3n\",\"isPartOf\":{\"@id\":\"https:\\\/\\\/www.utrera.org\\\/#website\"},\"primaryImageOfPage\":{\"@id\":\"https:\\\/\\\/www.utrera.org\\\/restauracion-puerta-del-perdon-parroquia-santa-maria-utrera\\\/#primaryimage\"},\"image\":{\"@id\":\"https:\\\/\\\/www.utrera.org\\\/restauracion-puerta-del-perdon-parroquia-santa-maria-utrera\\\/#primaryimage\"},\"thumbnailUrl\":\"https:\\\/\\\/www.utrera.org\\\/wp-content\\\/uploads\\\/2026\\\/03\\\/puerta-sta.-maria-3-scaled.jpeg\",\"datePublished\":\"2026-03-16T10:05:51+00:00\",\"author\":{\"@id\":\"https:\\\/\\\/www.utrera.org\\\/#\\\/schema\\\/person\\\/e0aad5103777e9e4ce3f8a5100195eef\"},\"description\":\"El Ayuntamiento finaliza la restauraci\u00f3n integral de la Puerta del Perd\u00f3n de la parroquia de Santa Mar\u00eda de la Mesa.\",\"breadcrumb\":{\"@id\":\"https:\\\/\\\/www.utrera.org\\\/restauracion-puerta-del-perdon-parroquia-santa-maria-utrera\\\/#breadcrumb\"},\"inLanguage\":\"en-GB\",\"potentialAction\":[{\"@type\":\"ReadAction\",\"target\":[\"https:\\\/\\\/www.utrera.org\\\/restauracion-puerta-del-perdon-parroquia-santa-maria-utrera\\\/\"]}]},{\"@type\":\"ImageObject\",\"inLanguage\":\"en-GB\",\"@id\":\"https:\\\/\\\/www.utrera.org\\\/restauracion-puerta-del-perdon-parroquia-santa-maria-utrera\\\/#primaryimage\",\"url\":\"https:\\\/\\\/www.utrera.org\\\/wp-content\\\/uploads\\\/2026\\\/03\\\/puerta-sta.-maria-3-scaled.jpeg\",\"contentUrl\":\"https:\\\/\\\/www.utrera.org\\\/wp-content\\\/uploads\\\/2026\\\/03\\\/puerta-sta.-maria-3-scaled.jpeg\",\"width\":2560,\"height\":1437,\"caption\":\"Trabajos de restauraci\u00f3n de madera de caoba cubana en Puerta del Perd\u00f3n\"},{\"@type\":\"BreadcrumbList\",\"@id\":\"https:\\\/\\\/www.utrera.org\\\/restauracion-puerta-del-perdon-parroquia-santa-maria-utrera\\\/#breadcrumb\",\"itemListElement\":[{\"@type\":\"ListItem\",\"position\":1,\"name\":\"Inicio\",\"item\":\"https:\\\/\\\/www.utrera.org\\\/\"},{\"@type\":\"ListItem\",\"position\":2,\"name\":\"El Ayuntamiento de Utrera restaura \u00edntegramente la Puerta del Perd\u00f3n de la Parroquia de Santa Mar\u00eda de la Mesa\"}]},{\"@type\":\"WebSite\",\"@id\":\"https:\\\/\\\/www.utrera.org\\\/#website\",\"url\":\"https:\\\/\\\/www.utrera.org\\\/\",\"name\":\"Ayuntamiento de Utrera\",\"description\":\"Web Municipal del Ayuntamiento de Utrera\",\"potentialAction\":[{\"@type\":\"SearchAction\",\"target\":{\"@type\":\"EntryPoint\",\"urlTemplate\":\"https:\\\/\\\/www.utrera.org\\\/?s={search_term_string}\"},\"query-input\":{\"@type\":\"PropertyValueSpecification\",\"valueRequired\":true,\"valueName\":\"search_term_string\"}}],\"inLanguage\":\"en-GB\"},{\"@type\":\"Person\",\"@id\":\"https:\\\/\\\/www.utrera.org\\\/#\\\/schema\\\/person\\\/e0aad5103777e9e4ce3f8a5100195eef\",\"name\":\"Ayuntamiento de Utrera\",\"image\":{\"@type\":\"ImageObject\",\"inLanguage\":\"en-GB\",\"@id\":\"https:\\\/\\\/secure.gravatar.com\\\/avatar\\\/85809c2d573a4a5a96cf61e736896a265a4d893602fcc49f190240eb2e8e010d?s=96&d=mm&r=g\",\"url\":\"https:\\\/\\\/secure.gravatar.com\\\/avatar\\\/85809c2d573a4a5a96cf61e736896a265a4d893602fcc49f190240eb2e8e010d?s=96&d=mm&r=g\",\"contentUrl\":\"https:\\\/\\\/secure.gravatar.com\\\/avatar\\\/85809c2d573a4a5a96cf61e736896a265a4d893602fcc49f190240eb2e8e010d?s=96&d=mm&r=g\",\"caption\":\"Ayuntamiento de Utrera\"},\"url\":\"https:\\\/\\\/www.utrera.org\\\/en\\\/author\\\/amontielvillena\\\/\"}]}<\/script>\n<!-- \/ Yoast SEO plugin. -->","yoast_head_json":{"title":"Restauraci\u00f3n de la puerta del Perd\u00f3n","description":"El Ayuntamiento finaliza la restauraci\u00f3n integral de la Puerta del Perd\u00f3n de la parroquia de Santa Mar\u00eda de la Mesa.","robots":{"index":"index","follow":"follow","max-snippet":"max-snippet:-1","max-image-preview":"max-image-preview:large","max-video-preview":"max-video-preview:-1"},"canonical":"https:\/\/www.utrera.org\/en\/restauracion-puerta-del-perdon-parroquia-santa-maria-utrera\/","og_locale":"en_GB","og_type":"article","og_title":"Restauraci\u00f3n de la puerta del Perd\u00f3n","og_description":"El Ayuntamiento finaliza la restauraci\u00f3n integral de la Puerta del Perd\u00f3n de la parroquia de Santa Mar\u00eda de la Mesa.","og_url":"https:\/\/www.utrera.org\/en\/restauracion-puerta-del-perdon-parroquia-santa-maria-utrera\/","og_site_name":"Ayuntamiento de Utrera","article_publisher":"https:\/\/www.facebook.com\/AyuntamientodeUtrera\/","article_published_time":"2026-03-16T10:05:51+00:00","og_image":[{"width":2560,"height":1437,"url":"https:\/\/www.utrera.org\/wp-content\/uploads\/2026\/03\/puerta-sta.-maria-3-scaled.jpeg","type":"image\/jpeg"}],"author":"Ayuntamiento de Utrera","twitter_card":"summary_large_image","twitter_creator":"@CiudadUtrera","twitter_site":"@CiudadUtrera","twitter_misc":{"Written by":"Ayuntamiento de Utrera","Est. reading time":"3 minutes"},"schema":{"@context":"https:\/\/schema.org","@graph":[{"@type":"Article","@id":"https:\/\/www.utrera.org\/restauracion-puerta-del-perdon-parroquia-santa-maria-utrera\/#article","isPartOf":{"@id":"https:\/\/www.utrera.org\/restauracion-puerta-del-perdon-parroquia-santa-maria-utrera\/"},"author":{"name":"Ayuntamiento de Utrera","@id":"https:\/\/www.utrera.org\/#\/schema\/person\/e0aad5103777e9e4ce3f8a5100195eef"},"headline":"El Ayuntamiento de Utrera restaura \u00edntegramente la Puerta del Perd\u00f3n de la Parroquia de Santa Mar\u00eda de la Mesa","datePublished":"2026-03-16T10:05:51+00:00","mainEntityOfPage":{"@id":"https:\/\/www.utrera.org\/restauracion-puerta-del-perdon-parroquia-santa-maria-utrera\/"},"wordCount":516,"image":{"@id":"https:\/\/www.utrera.org\/restauracion-puerta-del-perdon-parroquia-santa-maria-utrera\/#primaryimage"},"thumbnailUrl":"https:\/\/www.utrera.org\/wp-content\/uploads\/2026\/03\/puerta-sta.-maria-3-scaled.jpeg","articleSection":["\u200eNoticias Municipales"],"inLanguage":"en-GB"},{"@type":"WebPage","@id":"https:\/\/www.utrera.org\/restauracion-puerta-del-perdon-parroquia-santa-maria-utrera\/","url":"https:\/\/www.utrera.org\/restauracion-puerta-del-perdon-parroquia-santa-maria-utrera\/","name":"Restauraci\u00f3n de la puerta del Perd\u00f3n","isPartOf":{"@id":"https:\/\/www.utrera.org\/#website"},"primaryImageOfPage":{"@id":"https:\/\/www.utrera.org\/restauracion-puerta-del-perdon-parroquia-santa-maria-utrera\/#primaryimage"},"image":{"@id":"https:\/\/www.utrera.org\/restauracion-puerta-del-perdon-parroquia-santa-maria-utrera\/#primaryimage"},"thumbnailUrl":"https:\/\/www.utrera.org\/wp-content\/uploads\/2026\/03\/puerta-sta.-maria-3-scaled.jpeg","datePublished":"2026-03-16T10:05:51+00:00","author":{"@id":"https:\/\/www.utrera.org\/#\/schema\/person\/e0aad5103777e9e4ce3f8a5100195eef"},"description":"El Ayuntamiento finaliza la restauraci\u00f3n integral de la Puerta del Perd\u00f3n de la parroquia de Santa Mar\u00eda de la Mesa.","breadcrumb":{"@id":"https:\/\/www.utrera.org\/restauracion-puerta-del-perdon-parroquia-santa-maria-utrera\/#breadcrumb"},"inLanguage":"en-GB","potentialAction":[{"@type":"ReadAction","target":["https:\/\/www.utrera.org\/restauracion-puerta-del-perdon-parroquia-santa-maria-utrera\/"]}]},{"@type":"ImageObject","inLanguage":"en-GB","@id":"https:\/\/www.utrera.org\/restauracion-puerta-del-perdon-parroquia-santa-maria-utrera\/#primaryimage","url":"https:\/\/www.utrera.org\/wp-content\/uploads\/2026\/03\/puerta-sta.-maria-3-scaled.jpeg","contentUrl":"https:\/\/www.utrera.org\/wp-content\/uploads\/2026\/03\/puerta-sta.-maria-3-scaled.jpeg","width":2560,"height":1437,"caption":"Trabajos de restauraci\u00f3n de madera de caoba cubana en Puerta del Perd\u00f3n"},{"@type":"BreadcrumbList","@id":"https:\/\/www.utrera.org\/restauracion-puerta-del-perdon-parroquia-santa-maria-utrera\/#breadcrumb","itemListElement":[{"@type":"ListItem","position":1,"name":"Inicio","item":"https:\/\/www.utrera.org\/"},{"@type":"ListItem","position":2,"name":"El Ayuntamiento de Utrera restaura \u00edntegramente la Puerta del Perd\u00f3n de la Parroquia de Santa Mar\u00eda de la Mesa"}]},{"@type":"WebSite","@id":"https:\/\/www.utrera.org\/#website","url":"https:\/\/www.utrera.org\/","name":"City Council of Utrera","description":"Web Municipal del Ayuntamiento de Utrera","potentialAction":[{"@type":"SearchAction","target":{"@type":"EntryPoint","urlTemplate":"https:\/\/www.utrera.org\/?s={search_term_string}"},"query-input":{"@type":"PropertyValueSpecification","valueRequired":true,"valueName":"search_term_string"}}],"inLanguage":"en-GB"},{"@type":"Person","@id":"https:\/\/www.utrera.org\/#\/schema\/person\/e0aad5103777e9e4ce3f8a5100195eef","name":"City Council of Utrera","image":{"@type":"ImageObject","inLanguage":"en-GB","@id":"https:\/\/secure.gravatar.com\/avatar\/85809c2d573a4a5a96cf61e736896a265a4d893602fcc49f190240eb2e8e010d?s=96&d=mm&r=g","url":"https:\/\/secure.gravatar.com\/avatar\/85809c2d573a4a5a96cf61e736896a265a4d893602fcc49f190240eb2e8e010d?s=96&d=mm&r=g","contentUrl":"https:\/\/secure.gravatar.com\/avatar\/85809c2d573a4a5a96cf61e736896a265a4d893602fcc49f190240eb2e8e010d?s=96&d=mm&r=g","caption":"Ayuntamiento de Utrera"},"url":"https:\/\/www.utrera.org\/en\/author\/amontielvillena\/"}]}},"_links":{"self":[{"href":"https:\/\/www.utrera.org\/en\/wp-json\/wp\/v2\/posts\/63737","targetHints":{"allow":["GET"]}}],"collection":[{"href":"https:\/\/www.utrera.org\/en\/wp-json\/wp\/v2\/posts"}],"about":[{"href":"https:\/\/www.utrera.org\/en\/wp-json\/wp\/v2\/types\/post"}],"author":[{"embeddable":true,"href":"https:\/\/www.utrera.org\/en\/wp-json\/wp\/v2\/users\/15"}],"replies":[{"embeddable":true,"href":"https:\/\/www.utrera.org\/en\/wp-json\/wp\/v2\/comments?post=63737"}],"version-history":[{"count":1,"href":"https:\/\/www.utrera.org\/en\/wp-json\/wp\/v2\/posts\/63737\/revisions"}],"predecessor-version":[{"id":63739,"href":"https:\/\/www.utrera.org\/en\/wp-json\/wp\/v2\/posts\/63737\/revisions\/63739"}],"wp:featuredmedia":[{"embeddable":true,"href":"https:\/\/www.utrera.org\/en\/wp-json\/wp\/v2\/media\/63738"}],"wp:attachment":[{"href":"https:\/\/www.utrera.org\/en\/wp-json\/wp\/v2\/media?parent=63737"}],"wp:term":[{"taxonomy":"category","embeddable":true,"href":"https:\/\/www.utrera.org\/en\/wp-json\/wp\/v2\/categories?post=63737"},{"taxonomy":"post_tag","embeddable":true,"href":"https:\/\/www.utrera.org\/en\/wp-json\/wp\/v2\/tags?post=63737"}],"curies":[{"name":"wp","href":"https:\/\/api.w.org\/{rel}","templated":true}]}}