{"id":63727,"date":"2026-03-13T12:10:23","date_gmt":"2026-03-13T11:10:23","guid":{"rendered":"https:\/\/www.utrera.org\/?p=63727"},"modified":"2026-03-13T12:10:23","modified_gmt":"2026-03-13T11:10:23","slug":"retirada-contenedores-soterrados-utrera","status":"publish","type":"post","link":"https:\/\/www.utrera.org\/en\/retirada-contenedores-soterrados-utrera\/","title":{"rendered":"El Ayuntamiento repara el acerado y el entorno de los contenedores soterrados, muy deteriorados en su estructura"},"content":{"rendered":"<p data-start=\"82\" data-end=\"341\">Despu\u00e9s de a\u00f1os de funcionamiento, algunos de los <strong data-start=\"132\" data-end=\"159\">contenedores soterrados<\/strong> para la <strong data-start=\"168\" data-end=\"191\">recogida de basuras<\/strong> instalados en la localidad, se van a suprimir como consecuencia del <strong data-start=\"260\" data-end=\"273\">deterioro<\/strong> que afecta a estas estructuras que no hacen viable su reparaci\u00f3n.<\/p>\n<p data-start=\"343\" data-end=\"700\">Tras el an\u00e1lisis de las instalaciones, se concluye que los da\u00f1os afectan a los <strong data-start=\"422\" data-end=\"445\">elementos met\u00e1licos<\/strong> que componen la estructura, a los perfiles y al <strong data-start=\"494\" data-end=\"520\">habit\u00e1culo subterr\u00e1neo<\/strong> que alberga los <strong data-start=\"537\" data-end=\"553\">contenedores<\/strong>. Esto no solo afecta al funcionamiento, sino que ha motivado el <strong data-start=\"618\" data-end=\"654\">deterioro del pavimento exterior<\/strong> alrededor de la <strong data-start=\"671\" data-end=\"697\">isleta de contenedores<\/strong>.<\/p>\n<p data-start=\"702\" data-end=\"1053\">Ante estas circunstancias, se concluye que es necesario <strong data-start=\"758\" data-end=\"797\">eliminar definitivamente el sistema<\/strong>, que ya hace tiempo que no se utilizaba y hab\u00eda sido sustituido por <strong data-start=\"866\" data-end=\"897\">contenedores convencionales<\/strong>. Adem\u00e1s, con la entrada en vigor del <strong data-start=\"935\" data-end=\"966\">nuevo contrato de la basura<\/strong> en los pr\u00f3ximos meses, el sistema de <strong data-start=\"1004\" data-end=\"1031\">contenedores soterrados<\/strong> no ser\u00eda necesario.<\/p>\n<p data-start=\"1055\" data-end=\"1254\">En este sentido, desde la <strong data-start=\"1081\" data-end=\"1114\">delegaci\u00f3n municipal de Obras<\/strong>, se va a proceder a la <strong data-start=\"1138\" data-end=\"1169\">retirada de las estructuras<\/strong>, reponer la <strong data-start=\"1182\" data-end=\"1214\">cota a la altura del acerado<\/strong> y colocar la <strong data-start=\"1228\" data-end=\"1251\">nueva pavimentaci\u00f3n<\/strong>.<\/p>\n<p data-start=\"1256\" data-end=\"1398\">Las actuaciones se llevar\u00e1n a cabo en la <strong data-start=\"1297\" data-end=\"1339\">zona de soterrados de la calle Molares<\/strong> y en la situada entre esa y la <strong data-start=\"1371\" data-end=\"1395\">calle Juan Dom\u00ednguez<\/strong>.<\/p>\n<p data-start=\"1400\" data-end=\"1514\">El <strong data-start=\"1403\" data-end=\"1432\">presupuesto de licitaci\u00f3n<\/strong> es de 15.754 euros y la empresa adjudicataria es <strong data-start=\"1482\" data-end=\"1512\">Canalizaciones Utrera S.L.<\/strong><\/p>","protected":false},"excerpt":{"rendered":"<p>Despu\u00e9s de a\u00f1os de funcionamiento, algunos de los contenedores soterrados para la recogida de basuras instalados en la localidad, se van a suprimir como consecuencia del deterioro que afecta a estas estructuras que no hacen viable su reparaci\u00f3n. Tras el an\u00e1lisis de las instalaciones, se concluye que los da\u00f1os afectan a los elementos met\u00e1licos que [&hellip;]<\/p>\n","protected":false},"author":15,"featured_media":63731,"comment_status":"closed","ping_status":"closed","sticky":false,"template":"","format":"standard","meta":{"_et_pb_use_builder":"","_et_pb_old_content":"","_et_gb_content_width":"","footnotes":""},"categories":[1],"tags":[],"class_list":["post-63727","post","type-post","status-publish","format-standard","has-post-thumbnail","hentry","category-noticias-municipales","et-has-post-format-content","et_post_format-et-post-format-standard"],"yoast_head":"<!-- This site is optimized with the Yoast SEO plugin v27.3 - https:\/\/yoast.com\/product\/yoast-seo-wordpress\/ -->\n<title>El Ayuntamiento de Utrera, a trav\u00e9s de la delegaci\u00f3n de Obras, retira los contenedores soterrados deteriorados en las calles Molares y Juan Dom\u00ednguez, sustituy\u00e9ndolos por nueva pavimentaci\u00f3n con un presupuesto de 15.754 euros.<\/title>\n<meta name=\"description\" content=\"El Ayuntamiento retira los contenedores soterrados deteriorados en las calles Molares y Juan Dom\u00ednguez, sustituy\u00e9ndolos por nueva pavimentaci\u00f3n.\" \/>\n<meta name=\"robots\" content=\"index, follow, max-snippet:-1, max-image-preview:large, max-video-preview:-1\" \/>\n<link rel=\"canonical\" href=\"https:\/\/www.utrera.org\/en\/retirada-contenedores-soterrados-utrera\/\" \/>\n<meta property=\"og:locale\" content=\"en_GB\" \/>\n<meta property=\"og:type\" content=\"article\" \/>\n<meta property=\"og:title\" content=\"El Ayuntamiento de Utrera, a trav\u00e9s de la delegaci\u00f3n de Obras, retira los contenedores soterrados deteriorados en las calles Molares y Juan Dom\u00ednguez, sustituy\u00e9ndolos por nueva pavimentaci\u00f3n con un presupuesto de 15.754 euros.\" \/>\n<meta property=\"og:description\" content=\"El Ayuntamiento retira los contenedores soterrados deteriorados en las calles Molares y Juan Dom\u00ednguez, sustituy\u00e9ndolos por nueva pavimentaci\u00f3n.\" \/>\n<meta property=\"og:url\" content=\"https:\/\/www.utrera.org\/en\/retirada-contenedores-soterrados-utrera\/\" \/>\n<meta property=\"og:site_name\" content=\"Ayuntamiento de Utrera\" \/>\n<meta property=\"article:publisher\" content=\"https:\/\/www.facebook.com\/AyuntamientodeUtrera\/\" \/>\n<meta property=\"article:published_time\" content=\"2026-03-13T11:10:23+00:00\" \/>\n<meta property=\"og:image\" content=\"https:\/\/www.utrera.org\/wp-content\/uploads\/2026\/03\/contenedores-soterrados.jpg\" \/>\n\t<meta property=\"og:image:width\" content=\"1339\" \/>\n\t<meta property=\"og:image:height\" content=\"882\" \/>\n\t<meta property=\"og:image:type\" content=\"image\/jpeg\" \/>\n<meta name=\"author\" content=\"Ayuntamiento de Utrera\" \/>\n<meta name=\"twitter:card\" content=\"summary_large_image\" \/>\n<meta name=\"twitter:creator\" content=\"@CiudadUtrera\" \/>\n<meta name=\"twitter:site\" content=\"@CiudadUtrera\" \/>\n<meta name=\"twitter:label1\" content=\"Written by\" \/>\n\t<meta name=\"twitter:data1\" content=\"Ayuntamiento de Utrera\" \/>\n\t<meta name=\"twitter:label2\" content=\"Est. reading time\" \/>\n\t<meta name=\"twitter:data2\" content=\"1 minute\" \/>\n<script type=\"application\/ld+json\" class=\"yoast-schema-graph\">{\"@context\":\"https:\\\/\\\/schema.org\",\"@graph\":[{\"@type\":\"Article\",\"@id\":\"https:\\\/\\\/www.utrera.org\\\/retirada-contenedores-soterrados-utrera\\\/#article\",\"isPartOf\":{\"@id\":\"https:\\\/\\\/www.utrera.org\\\/retirada-contenedores-soterrados-utrera\\\/\"},\"author\":{\"name\":\"Ayuntamiento de Utrera\",\"@id\":\"https:\\\/\\\/www.utrera.org\\\/#\\\/schema\\\/person\\\/e0aad5103777e9e4ce3f8a5100195eef\"},\"headline\":\"El Ayuntamiento repara el acerado y el entorno de los contenedores soterrados, muy deteriorados en su estructura\",\"datePublished\":\"2026-03-13T11:10:23+00:00\",\"mainEntityOfPage\":{\"@id\":\"https:\\\/\\\/www.utrera.org\\\/retirada-contenedores-soterrados-utrera\\\/\"},\"wordCount\":249,\"image\":{\"@id\":\"https:\\\/\\\/www.utrera.org\\\/retirada-contenedores-soterrados-utrera\\\/#primaryimage\"},\"thumbnailUrl\":\"https:\\\/\\\/www.utrera.org\\\/wp-content\\\/uploads\\\/2026\\\/03\\\/contenedores-soterrados.jpg\",\"articleSection\":[\"\u200eNoticias Municipales\"],\"inLanguage\":\"en-GB\"},{\"@type\":\"WebPage\",\"@id\":\"https:\\\/\\\/www.utrera.org\\\/retirada-contenedores-soterrados-utrera\\\/\",\"url\":\"https:\\\/\\\/www.utrera.org\\\/retirada-contenedores-soterrados-utrera\\\/\",\"name\":\"El Ayuntamiento de Utrera, a trav\u00e9s de la delegaci\u00f3n de Obras, retira los contenedores soterrados deteriorados en las calles Molares y Juan Dom\u00ednguez, sustituy\u00e9ndolos por nueva pavimentaci\u00f3n con un presupuesto de 15.754 euros.\",\"isPartOf\":{\"@id\":\"https:\\\/\\\/www.utrera.org\\\/#website\"},\"primaryImageOfPage\":{\"@id\":\"https:\\\/\\\/www.utrera.org\\\/retirada-contenedores-soterrados-utrera\\\/#primaryimage\"},\"image\":{\"@id\":\"https:\\\/\\\/www.utrera.org\\\/retirada-contenedores-soterrados-utrera\\\/#primaryimage\"},\"thumbnailUrl\":\"https:\\\/\\\/www.utrera.org\\\/wp-content\\\/uploads\\\/2026\\\/03\\\/contenedores-soterrados.jpg\",\"datePublished\":\"2026-03-13T11:10:23+00:00\",\"author\":{\"@id\":\"https:\\\/\\\/www.utrera.org\\\/#\\\/schema\\\/person\\\/e0aad5103777e9e4ce3f8a5100195eef\"},\"description\":\"El Ayuntamiento retira los contenedores soterrados deteriorados en las calles Molares y Juan Dom\u00ednguez, sustituy\u00e9ndolos por nueva pavimentaci\u00f3n.\",\"breadcrumb\":{\"@id\":\"https:\\\/\\\/www.utrera.org\\\/retirada-contenedores-soterrados-utrera\\\/#breadcrumb\"},\"inLanguage\":\"en-GB\",\"potentialAction\":[{\"@type\":\"ReadAction\",\"target\":[\"https:\\\/\\\/www.utrera.org\\\/retirada-contenedores-soterrados-utrera\\\/\"]}]},{\"@type\":\"ImageObject\",\"inLanguage\":\"en-GB\",\"@id\":\"https:\\\/\\\/www.utrera.org\\\/retirada-contenedores-soterrados-utrera\\\/#primaryimage\",\"url\":\"https:\\\/\\\/www.utrera.org\\\/wp-content\\\/uploads\\\/2026\\\/03\\\/contenedores-soterrados.jpg\",\"contentUrl\":\"https:\\\/\\\/www.utrera.org\\\/wp-content\\\/uploads\\\/2026\\\/03\\\/contenedores-soterrados.jpg\",\"width\":1339,\"height\":882},{\"@type\":\"BreadcrumbList\",\"@id\":\"https:\\\/\\\/www.utrera.org\\\/retirada-contenedores-soterrados-utrera\\\/#breadcrumb\",\"itemListElement\":[{\"@type\":\"ListItem\",\"position\":1,\"name\":\"Inicio\",\"item\":\"https:\\\/\\\/www.utrera.org\\\/\"},{\"@type\":\"ListItem\",\"position\":2,\"name\":\"El Ayuntamiento repara el acerado y el entorno de los contenedores soterrados, muy deteriorados en su estructura\"}]},{\"@type\":\"WebSite\",\"@id\":\"https:\\\/\\\/www.utrera.org\\\/#website\",\"url\":\"https:\\\/\\\/www.utrera.org\\\/\",\"name\":\"Ayuntamiento de Utrera\",\"description\":\"Web Municipal del Ayuntamiento de Utrera\",\"potentialAction\":[{\"@type\":\"SearchAction\",\"target\":{\"@type\":\"EntryPoint\",\"urlTemplate\":\"https:\\\/\\\/www.utrera.org\\\/?s={search_term_string}\"},\"query-input\":{\"@type\":\"PropertyValueSpecification\",\"valueRequired\":true,\"valueName\":\"search_term_string\"}}],\"inLanguage\":\"en-GB\"},{\"@type\":\"Person\",\"@id\":\"https:\\\/\\\/www.utrera.org\\\/#\\\/schema\\\/person\\\/e0aad5103777e9e4ce3f8a5100195eef\",\"name\":\"Ayuntamiento de Utrera\",\"image\":{\"@type\":\"ImageObject\",\"inLanguage\":\"en-GB\",\"@id\":\"https:\\\/\\\/secure.gravatar.com\\\/avatar\\\/85809c2d573a4a5a96cf61e736896a265a4d893602fcc49f190240eb2e8e010d?s=96&d=mm&r=g\",\"url\":\"https:\\\/\\\/secure.gravatar.com\\\/avatar\\\/85809c2d573a4a5a96cf61e736896a265a4d893602fcc49f190240eb2e8e010d?s=96&d=mm&r=g\",\"contentUrl\":\"https:\\\/\\\/secure.gravatar.com\\\/avatar\\\/85809c2d573a4a5a96cf61e736896a265a4d893602fcc49f190240eb2e8e010d?s=96&d=mm&r=g\",\"caption\":\"Ayuntamiento de Utrera\"},\"url\":\"https:\\\/\\\/www.utrera.org\\\/en\\\/author\\\/amontielvillena\\\/\"}]}<\/script>\n<!-- \/ Yoast SEO plugin. -->","yoast_head_json":{"title":"El Ayuntamiento de Utrera, a trav\u00e9s de la delegaci\u00f3n de Obras, retira los contenedores soterrados deteriorados en las calles Molares y Juan Dom\u00ednguez, sustituy\u00e9ndolos por nueva pavimentaci\u00f3n con un presupuesto de 15.754 euros.","description":"El Ayuntamiento retira los contenedores soterrados deteriorados en las calles Molares y Juan Dom\u00ednguez, sustituy\u00e9ndolos por nueva pavimentaci\u00f3n.","robots":{"index":"index","follow":"follow","max-snippet":"max-snippet:-1","max-image-preview":"max-image-preview:large","max-video-preview":"max-video-preview:-1"},"canonical":"https:\/\/www.utrera.org\/en\/retirada-contenedores-soterrados-utrera\/","og_locale":"en_GB","og_type":"article","og_title":"El Ayuntamiento de Utrera, a trav\u00e9s de la delegaci\u00f3n de Obras, retira los contenedores soterrados deteriorados en las calles Molares y Juan Dom\u00ednguez, sustituy\u00e9ndolos por nueva pavimentaci\u00f3n con un presupuesto de 15.754 euros.","og_description":"El Ayuntamiento retira los contenedores soterrados deteriorados en las calles Molares y Juan Dom\u00ednguez, sustituy\u00e9ndolos por nueva pavimentaci\u00f3n.","og_url":"https:\/\/www.utrera.org\/en\/retirada-contenedores-soterrados-utrera\/","og_site_name":"Ayuntamiento de Utrera","article_publisher":"https:\/\/www.facebook.com\/AyuntamientodeUtrera\/","article_published_time":"2026-03-13T11:10:23+00:00","og_image":[{"width":1339,"height":882,"url":"https:\/\/www.utrera.org\/wp-content\/uploads\/2026\/03\/contenedores-soterrados.jpg","type":"image\/jpeg"}],"author":"Ayuntamiento de Utrera","twitter_card":"summary_large_image","twitter_creator":"@CiudadUtrera","twitter_site":"@CiudadUtrera","twitter_misc":{"Written by":"Ayuntamiento de Utrera","Est. reading time":"1 minute"},"schema":{"@context":"https:\/\/schema.org","@graph":[{"@type":"Article","@id":"https:\/\/www.utrera.org\/retirada-contenedores-soterrados-utrera\/#article","isPartOf":{"@id":"https:\/\/www.utrera.org\/retirada-contenedores-soterrados-utrera\/"},"author":{"name":"Ayuntamiento de Utrera","@id":"https:\/\/www.utrera.org\/#\/schema\/person\/e0aad5103777e9e4ce3f8a5100195eef"},"headline":"El Ayuntamiento repara el acerado y el entorno de los contenedores soterrados, muy deteriorados en su estructura","datePublished":"2026-03-13T11:10:23+00:00","mainEntityOfPage":{"@id":"https:\/\/www.utrera.org\/retirada-contenedores-soterrados-utrera\/"},"wordCount":249,"image":{"@id":"https:\/\/www.utrera.org\/retirada-contenedores-soterrados-utrera\/#primaryimage"},"thumbnailUrl":"https:\/\/www.utrera.org\/wp-content\/uploads\/2026\/03\/contenedores-soterrados.jpg","articleSection":["\u200eNoticias Municipales"],"inLanguage":"en-GB"},{"@type":"WebPage","@id":"https:\/\/www.utrera.org\/retirada-contenedores-soterrados-utrera\/","url":"https:\/\/www.utrera.org\/retirada-contenedores-soterrados-utrera\/","name":"El Ayuntamiento de Utrera, a trav\u00e9s de la delegaci\u00f3n de Obras, retira los contenedores soterrados deteriorados en las calles Molares y Juan Dom\u00ednguez, sustituy\u00e9ndolos por nueva pavimentaci\u00f3n con un presupuesto de 15.754 euros.","isPartOf":{"@id":"https:\/\/www.utrera.org\/#website"},"primaryImageOfPage":{"@id":"https:\/\/www.utrera.org\/retirada-contenedores-soterrados-utrera\/#primaryimage"},"image":{"@id":"https:\/\/www.utrera.org\/retirada-contenedores-soterrados-utrera\/#primaryimage"},"thumbnailUrl":"https:\/\/www.utrera.org\/wp-content\/uploads\/2026\/03\/contenedores-soterrados.jpg","datePublished":"2026-03-13T11:10:23+00:00","author":{"@id":"https:\/\/www.utrera.org\/#\/schema\/person\/e0aad5103777e9e4ce3f8a5100195eef"},"description":"El Ayuntamiento retira los contenedores soterrados deteriorados en las calles Molares y Juan Dom\u00ednguez, sustituy\u00e9ndolos por nueva pavimentaci\u00f3n.","breadcrumb":{"@id":"https:\/\/www.utrera.org\/retirada-contenedores-soterrados-utrera\/#breadcrumb"},"inLanguage":"en-GB","potentialAction":[{"@type":"ReadAction","target":["https:\/\/www.utrera.org\/retirada-contenedores-soterrados-utrera\/"]}]},{"@type":"ImageObject","inLanguage":"en-GB","@id":"https:\/\/www.utrera.org\/retirada-contenedores-soterrados-utrera\/#primaryimage","url":"https:\/\/www.utrera.org\/wp-content\/uploads\/2026\/03\/contenedores-soterrados.jpg","contentUrl":"https:\/\/www.utrera.org\/wp-content\/uploads\/2026\/03\/contenedores-soterrados.jpg","width":1339,"height":882},{"@type":"BreadcrumbList","@id":"https:\/\/www.utrera.org\/retirada-contenedores-soterrados-utrera\/#breadcrumb","itemListElement":[{"@type":"ListItem","position":1,"name":"Inicio","item":"https:\/\/www.utrera.org\/"},{"@type":"ListItem","position":2,"name":"El Ayuntamiento repara el acerado y el entorno de los contenedores soterrados, muy deteriorados en su estructura"}]},{"@type":"WebSite","@id":"https:\/\/www.utrera.org\/#website","url":"https:\/\/www.utrera.org\/","name":"City Council of Utrera","description":"Web Municipal del Ayuntamiento de Utrera","potentialAction":[{"@type":"SearchAction","target":{"@type":"EntryPoint","urlTemplate":"https:\/\/www.utrera.org\/?s={search_term_string}"},"query-input":{"@type":"PropertyValueSpecification","valueRequired":true,"valueName":"search_term_string"}}],"inLanguage":"en-GB"},{"@type":"Person","@id":"https:\/\/www.utrera.org\/#\/schema\/person\/e0aad5103777e9e4ce3f8a5100195eef","name":"City Council of Utrera","image":{"@type":"ImageObject","inLanguage":"en-GB","@id":"https:\/\/secure.gravatar.com\/avatar\/85809c2d573a4a5a96cf61e736896a265a4d893602fcc49f190240eb2e8e010d?s=96&d=mm&r=g","url":"https:\/\/secure.gravatar.com\/avatar\/85809c2d573a4a5a96cf61e736896a265a4d893602fcc49f190240eb2e8e010d?s=96&d=mm&r=g","contentUrl":"https:\/\/secure.gravatar.com\/avatar\/85809c2d573a4a5a96cf61e736896a265a4d893602fcc49f190240eb2e8e010d?s=96&d=mm&r=g","caption":"Ayuntamiento de Utrera"},"url":"https:\/\/www.utrera.org\/en\/author\/amontielvillena\/"}]}},"_links":{"self":[{"href":"https:\/\/www.utrera.org\/en\/wp-json\/wp\/v2\/posts\/63727","targetHints":{"allow":["GET"]}}],"collection":[{"href":"https:\/\/www.utrera.org\/en\/wp-json\/wp\/v2\/posts"}],"about":[{"href":"https:\/\/www.utrera.org\/en\/wp-json\/wp\/v2\/types\/post"}],"author":[{"embeddable":true,"href":"https:\/\/www.utrera.org\/en\/wp-json\/wp\/v2\/users\/15"}],"replies":[{"embeddable":true,"href":"https:\/\/www.utrera.org\/en\/wp-json\/wp\/v2\/comments?post=63727"}],"version-history":[{"count":1,"href":"https:\/\/www.utrera.org\/en\/wp-json\/wp\/v2\/posts\/63727\/revisions"}],"predecessor-version":[{"id":63732,"href":"https:\/\/www.utrera.org\/en\/wp-json\/wp\/v2\/posts\/63727\/revisions\/63732"}],"wp:featuredmedia":[{"embeddable":true,"href":"https:\/\/www.utrera.org\/en\/wp-json\/wp\/v2\/media\/63731"}],"wp:attachment":[{"href":"https:\/\/www.utrera.org\/en\/wp-json\/wp\/v2\/media?parent=63727"}],"wp:term":[{"taxonomy":"category","embeddable":true,"href":"https:\/\/www.utrera.org\/en\/wp-json\/wp\/v2\/categories?post=63727"},{"taxonomy":"post_tag","embeddable":true,"href":"https:\/\/www.utrera.org\/en\/wp-json\/wp\/v2\/tags?post=63727"}],"curies":[{"name":"wp","href":"https:\/\/api.w.org\/{rel}","templated":true}]}}