{"id":63724,"date":"2026-03-12T14:07:35","date_gmt":"2026-03-12T13:07:35","guid":{"rendered":"https:\/\/www.utrera.org\/?p=63724"},"modified":"2026-03-12T14:07:35","modified_gmt":"2026-03-12T13:07:35","slug":"reconocimiento-docentes-jubilados-utrera","status":"publish","type":"post","link":"https:\/\/www.utrera.org\/en\/reconocimiento-docentes-jubilados-utrera\/","title":{"rendered":"El Ayuntamiento de Utrera celebra un acto en homenaje al personal docente jubilado"},"content":{"rendered":"<p data-start=\"113\" data-end=\"416\">El <strong data-start=\"116\" data-end=\"162\">Sal\u00f3n de Plenos del Ayuntamiento de Utrera<\/strong> ha acogido un <strong data-start=\"177\" data-end=\"246\">acto institucional de reconocimiento al personal docente jubilado<\/strong>, un <strong data-start=\"251\" data-end=\"263\">homenaje<\/strong> con el que la <strong data-start=\"278\" data-end=\"305\">delegaci\u00f3n de Educaci\u00f3n<\/strong> ha querido poner en valor la <strong data-start=\"335\" data-end=\"413\">trayectoria y la dedicaci\u00f3n de quienes han dedicado su vida a la ense\u00f1anza<\/strong>.<\/p>\n<p data-start=\"418\" data-end=\"770\">El acto ha estado presidido por el <strong data-start=\"453\" data-end=\"496\">delegado de Educaci\u00f3n, Francisco Arjona<\/strong>; la <strong data-start=\"501\" data-end=\"571\">teniente alcalde del \u00c1rea de Humanidades, Mar\u00eda Jos\u00e9 Garc\u00eda Arroyo<\/strong>; y la <strong data-start=\"578\" data-end=\"632\">delegada de Formaci\u00f3n Profesional, Isabel Gonz\u00e1lez<\/strong>. Durante la ceremonia, los <strong data-start=\"660\" data-end=\"674\">concejales<\/strong> han hecho entrega de una <strong data-start=\"700\" data-end=\"723\">insignia y un libro<\/strong> a cada uno de los <strong data-start=\"742\" data-end=\"767\">docentes homenajeados<\/strong>.<\/p>\n<p data-start=\"772\" data-end=\"1278\">El <strong data-start=\"775\" data-end=\"800\">delegado de Educaci\u00f3n<\/strong> ha destacado la <strong data-start=\"817\" data-end=\"852\">importancia de la labor docente<\/strong> y el <strong data-start=\"858\" data-end=\"905\">impacto que dejan en la vida de sus alumnos<\/strong>. \u201cNos reunimos para <strong data-start=\"926\" data-end=\"1051\">rendir homenaje a quienes han dedicado su vida a una de las profesiones m\u00e1s valiosas para cualquier sociedad, la docencia<\/strong>\u201d, ha se\u00f1alado. Asimismo, ha a\u00f1adido que \u201c<strong data-start=\"1093\" data-end=\"1274\">reconocemos a quienes, durante a\u00f1os, han abierto puertas al conocimiento y han acompa\u00f1ado a generaciones enteras en uno de los caminos m\u00e1s importantes de la vida, el aprendizaje<\/strong>\u201d.<\/p>\n<p data-start=\"1280\" data-end=\"1532\">En total han sido <strong data-start=\"1298\" data-end=\"1353\">siete los profesionales de la ense\u00f1anza reconocidos<\/strong> en esta edici\u00f3n: <strong data-start=\"1371\" data-end=\"1529\">Mar\u00eda Soledad Aguilar, Carmen Rojas, Jos\u00e9 Mar\u00eda Torres, Mar\u00eda del Carmen Cantos, Mar\u00eda Dolores Guti\u00e9rrez, Rosario Barrera y Jos\u00e9 Manuel Fern\u00e1ndez Rubiales<\/strong>.<\/p>\n<p data-start=\"1534\" data-end=\"1937\">El <strong data-start=\"1537\" data-end=\"1547\">evento<\/strong> ha contado adem\u00e1s con la <strong data-start=\"1573\" data-end=\"1600\">presencia de familiares<\/strong>, as\u00ed como de <strong data-start=\"1614\" data-end=\"1681\">directores y docentes de los centros educativos de la localidad<\/strong>, que quisieron acompa\u00f1ar a los <strong data-start=\"1713\" data-end=\"1729\">homenajeados<\/strong> en este <strong data-start=\"1738\" data-end=\"1764\">reconocimiento p\u00fablico<\/strong>. Del mismo modo, el acto ha estado amenizado por un <strong data-start=\"1817\" data-end=\"1863\">d\u00fao de cuerdas formado por Irene y Ricardo<\/strong>, que han interpretado varias <strong data-start=\"1893\" data-end=\"1913\">piezas musicales<\/strong> durante la ceremonia.<\/p>\n<p data-start=\"1939\" data-end=\"2265\">Desde la <strong data-start=\"1948\" data-end=\"1975\">delegaci\u00f3n de Educaci\u00f3n<\/strong> tambi\u00e9n se ha hecho entrega de unas <strong data-start=\"2012\" data-end=\"2067\">bolsas con el mensaje \u201cEl futuro empieza en Utrera\u201d<\/strong>. En este sentido, el <strong data-start=\"2089\" data-end=\"2101\">delegado<\/strong> ha subrayado que \u201c<strong data-start=\"2120\" data-end=\"2158\">todos vosotros sois nuestro legado<\/strong>\u201d, en referencia a la <strong data-start=\"2180\" data-end=\"2262\">huella que el profesorado deja a trav\u00e9s de la educaci\u00f3n de nuevas generaciones<\/strong>.<\/p>","protected":false},"excerpt":{"rendered":"<p>El Sal\u00f3n de Plenos del Ayuntamiento de Utrera ha acogido un acto institucional de reconocimiento al personal docente jubilado, un homenaje con el que la delegaci\u00f3n de Educaci\u00f3n ha querido poner en valor la trayectoria y la dedicaci\u00f3n de quienes han dedicado su vida a la ense\u00f1anza. El acto ha estado presidido por el delegado [&hellip;]<\/p>\n","protected":false},"author":15,"featured_media":63725,"comment_status":"closed","ping_status":"closed","sticky":false,"template":"","format":"standard","meta":{"_et_pb_use_builder":"","_et_pb_old_content":"","_et_gb_content_width":"","footnotes":""},"categories":[1],"tags":[],"class_list":["post-63724","post","type-post","status-publish","format-standard","has-post-thumbnail","hentry","category-noticias-municipales","et-has-post-format-content","et_post_format-et-post-format-standard"],"yoast_head":"<!-- This site is optimized with the Yoast SEO plugin v27.3 - https:\/\/yoast.com\/product\/yoast-seo-wordpress\/ -->\n<title>Utrera rinde homenaje a docentes jubilados en un acto institucional<\/title>\n<meta name=\"description\" content=\"El Ayuntamiento homenajea a siete docentes jubilados en un acto institucional organizado por la delegaci\u00f3n de Educaci\u00f3n.\" \/>\n<meta name=\"robots\" content=\"index, follow, max-snippet:-1, max-image-preview:large, max-video-preview:-1\" \/>\n<link rel=\"canonical\" href=\"https:\/\/www.utrera.org\/en\/reconocimiento-docentes-jubilados-utrera\/\" \/>\n<meta property=\"og:locale\" content=\"en_GB\" \/>\n<meta property=\"og:type\" content=\"article\" \/>\n<meta property=\"og:title\" content=\"Utrera rinde homenaje a docentes jubilados en un acto institucional\" \/>\n<meta property=\"og:description\" content=\"El Ayuntamiento homenajea a siete docentes jubilados en un acto institucional organizado por la delegaci\u00f3n de Educaci\u00f3n.\" \/>\n<meta property=\"og:url\" content=\"https:\/\/www.utrera.org\/en\/reconocimiento-docentes-jubilados-utrera\/\" \/>\n<meta property=\"og:site_name\" content=\"Ayuntamiento de Utrera\" \/>\n<meta property=\"article:publisher\" content=\"https:\/\/www.facebook.com\/AyuntamientodeUtrera\/\" \/>\n<meta property=\"article:published_time\" content=\"2026-03-12T13:07:35+00:00\" \/>\n<meta property=\"og:image\" content=\"https:\/\/www.utrera.org\/wp-content\/uploads\/2026\/03\/acto-docentes-jubilados-1-scaled.jpeg\" \/>\n\t<meta property=\"og:image:width\" content=\"2560\" \/>\n\t<meta property=\"og:image:height\" content=\"1437\" \/>\n\t<meta property=\"og:image:type\" content=\"image\/jpeg\" \/>\n<meta name=\"author\" content=\"Ayuntamiento de Utrera\" \/>\n<meta name=\"twitter:card\" content=\"summary_large_image\" \/>\n<meta name=\"twitter:creator\" content=\"@CiudadUtrera\" \/>\n<meta name=\"twitter:site\" content=\"@CiudadUtrera\" \/>\n<meta name=\"twitter:label1\" content=\"Written by\" \/>\n\t<meta name=\"twitter:data1\" content=\"Ayuntamiento de Utrera\" \/>\n\t<meta name=\"twitter:label2\" content=\"Est. reading time\" \/>\n\t<meta name=\"twitter:data2\" content=\"2 minutes\" \/>\n<script type=\"application\/ld+json\" class=\"yoast-schema-graph\">{\"@context\":\"https:\\\/\\\/schema.org\",\"@graph\":[{\"@type\":\"Article\",\"@id\":\"https:\\\/\\\/www.utrera.org\\\/reconocimiento-docentes-jubilados-utrera\\\/#article\",\"isPartOf\":{\"@id\":\"https:\\\/\\\/www.utrera.org\\\/reconocimiento-docentes-jubilados-utrera\\\/\"},\"author\":{\"name\":\"Ayuntamiento de Utrera\",\"@id\":\"https:\\\/\\\/www.utrera.org\\\/#\\\/schema\\\/person\\\/e0aad5103777e9e4ce3f8a5100195eef\"},\"headline\":\"El Ayuntamiento de Utrera celebra un acto en homenaje al personal docente jubilado\",\"datePublished\":\"2026-03-12T13:07:35+00:00\",\"mainEntityOfPage\":{\"@id\":\"https:\\\/\\\/www.utrera.org\\\/reconocimiento-docentes-jubilados-utrera\\\/\"},\"wordCount\":373,\"image\":{\"@id\":\"https:\\\/\\\/www.utrera.org\\\/reconocimiento-docentes-jubilados-utrera\\\/#primaryimage\"},\"thumbnailUrl\":\"https:\\\/\\\/www.utrera.org\\\/wp-content\\\/uploads\\\/2026\\\/03\\\/acto-docentes-jubilados-1-scaled.jpeg\",\"articleSection\":[\"\u200eNoticias Municipales\"],\"inLanguage\":\"en-GB\"},{\"@type\":\"WebPage\",\"@id\":\"https:\\\/\\\/www.utrera.org\\\/reconocimiento-docentes-jubilados-utrera\\\/\",\"url\":\"https:\\\/\\\/www.utrera.org\\\/reconocimiento-docentes-jubilados-utrera\\\/\",\"name\":\"Utrera rinde homenaje a docentes jubilados en un acto institucional\",\"isPartOf\":{\"@id\":\"https:\\\/\\\/www.utrera.org\\\/#website\"},\"primaryImageOfPage\":{\"@id\":\"https:\\\/\\\/www.utrera.org\\\/reconocimiento-docentes-jubilados-utrera\\\/#primaryimage\"},\"image\":{\"@id\":\"https:\\\/\\\/www.utrera.org\\\/reconocimiento-docentes-jubilados-utrera\\\/#primaryimage\"},\"thumbnailUrl\":\"https:\\\/\\\/www.utrera.org\\\/wp-content\\\/uploads\\\/2026\\\/03\\\/acto-docentes-jubilados-1-scaled.jpeg\",\"datePublished\":\"2026-03-12T13:07:35+00:00\",\"author\":{\"@id\":\"https:\\\/\\\/www.utrera.org\\\/#\\\/schema\\\/person\\\/e0aad5103777e9e4ce3f8a5100195eef\"},\"description\":\"El Ayuntamiento homenajea a siete docentes jubilados en un acto institucional organizado por la delegaci\u00f3n de Educaci\u00f3n.\",\"breadcrumb\":{\"@id\":\"https:\\\/\\\/www.utrera.org\\\/reconocimiento-docentes-jubilados-utrera\\\/#breadcrumb\"},\"inLanguage\":\"en-GB\",\"potentialAction\":[{\"@type\":\"ReadAction\",\"target\":[\"https:\\\/\\\/www.utrera.org\\\/reconocimiento-docentes-jubilados-utrera\\\/\"]}]},{\"@type\":\"ImageObject\",\"inLanguage\":\"en-GB\",\"@id\":\"https:\\\/\\\/www.utrera.org\\\/reconocimiento-docentes-jubilados-utrera\\\/#primaryimage\",\"url\":\"https:\\\/\\\/www.utrera.org\\\/wp-content\\\/uploads\\\/2026\\\/03\\\/acto-docentes-jubilados-1-scaled.jpeg\",\"contentUrl\":\"https:\\\/\\\/www.utrera.org\\\/wp-content\\\/uploads\\\/2026\\\/03\\\/acto-docentes-jubilados-1-scaled.jpeg\",\"width\":2560,\"height\":1437,\"caption\":\"docentes jubilados Utrera reconocimiento\"},{\"@type\":\"BreadcrumbList\",\"@id\":\"https:\\\/\\\/www.utrera.org\\\/reconocimiento-docentes-jubilados-utrera\\\/#breadcrumb\",\"itemListElement\":[{\"@type\":\"ListItem\",\"position\":1,\"name\":\"Inicio\",\"item\":\"https:\\\/\\\/www.utrera.org\\\/\"},{\"@type\":\"ListItem\",\"position\":2,\"name\":\"El Ayuntamiento de Utrera celebra un acto en homenaje al personal docente jubilado\"}]},{\"@type\":\"WebSite\",\"@id\":\"https:\\\/\\\/www.utrera.org\\\/#website\",\"url\":\"https:\\\/\\\/www.utrera.org\\\/\",\"name\":\"Ayuntamiento de Utrera\",\"description\":\"Web Municipal del Ayuntamiento de Utrera\",\"potentialAction\":[{\"@type\":\"SearchAction\",\"target\":{\"@type\":\"EntryPoint\",\"urlTemplate\":\"https:\\\/\\\/www.utrera.org\\\/?s={search_term_string}\"},\"query-input\":{\"@type\":\"PropertyValueSpecification\",\"valueRequired\":true,\"valueName\":\"search_term_string\"}}],\"inLanguage\":\"en-GB\"},{\"@type\":\"Person\",\"@id\":\"https:\\\/\\\/www.utrera.org\\\/#\\\/schema\\\/person\\\/e0aad5103777e9e4ce3f8a5100195eef\",\"name\":\"Ayuntamiento de Utrera\",\"image\":{\"@type\":\"ImageObject\",\"inLanguage\":\"en-GB\",\"@id\":\"https:\\\/\\\/secure.gravatar.com\\\/avatar\\\/85809c2d573a4a5a96cf61e736896a265a4d893602fcc49f190240eb2e8e010d?s=96&d=mm&r=g\",\"url\":\"https:\\\/\\\/secure.gravatar.com\\\/avatar\\\/85809c2d573a4a5a96cf61e736896a265a4d893602fcc49f190240eb2e8e010d?s=96&d=mm&r=g\",\"contentUrl\":\"https:\\\/\\\/secure.gravatar.com\\\/avatar\\\/85809c2d573a4a5a96cf61e736896a265a4d893602fcc49f190240eb2e8e010d?s=96&d=mm&r=g\",\"caption\":\"Ayuntamiento de Utrera\"},\"url\":\"https:\\\/\\\/www.utrera.org\\\/en\\\/author\\\/amontielvillena\\\/\"}]}<\/script>\n<!-- \/ Yoast SEO plugin. -->","yoast_head_json":{"title":"Utrera rinde homenaje a docentes jubilados en un acto institucional","description":"El Ayuntamiento homenajea a siete docentes jubilados en un acto institucional organizado por la delegaci\u00f3n de Educaci\u00f3n.","robots":{"index":"index","follow":"follow","max-snippet":"max-snippet:-1","max-image-preview":"max-image-preview:large","max-video-preview":"max-video-preview:-1"},"canonical":"https:\/\/www.utrera.org\/en\/reconocimiento-docentes-jubilados-utrera\/","og_locale":"en_GB","og_type":"article","og_title":"Utrera rinde homenaje a docentes jubilados en un acto institucional","og_description":"El Ayuntamiento homenajea a siete docentes jubilados en un acto institucional organizado por la delegaci\u00f3n de Educaci\u00f3n.","og_url":"https:\/\/www.utrera.org\/en\/reconocimiento-docentes-jubilados-utrera\/","og_site_name":"Ayuntamiento de Utrera","article_publisher":"https:\/\/www.facebook.com\/AyuntamientodeUtrera\/","article_published_time":"2026-03-12T13:07:35+00:00","og_image":[{"width":2560,"height":1437,"url":"https:\/\/www.utrera.org\/wp-content\/uploads\/2026\/03\/acto-docentes-jubilados-1-scaled.jpeg","type":"image\/jpeg"}],"author":"Ayuntamiento de Utrera","twitter_card":"summary_large_image","twitter_creator":"@CiudadUtrera","twitter_site":"@CiudadUtrera","twitter_misc":{"Written by":"Ayuntamiento de Utrera","Est. reading time":"2 minutes"},"schema":{"@context":"https:\/\/schema.org","@graph":[{"@type":"Article","@id":"https:\/\/www.utrera.org\/reconocimiento-docentes-jubilados-utrera\/#article","isPartOf":{"@id":"https:\/\/www.utrera.org\/reconocimiento-docentes-jubilados-utrera\/"},"author":{"name":"Ayuntamiento de Utrera","@id":"https:\/\/www.utrera.org\/#\/schema\/person\/e0aad5103777e9e4ce3f8a5100195eef"},"headline":"El Ayuntamiento de Utrera celebra un acto en homenaje al personal docente jubilado","datePublished":"2026-03-12T13:07:35+00:00","mainEntityOfPage":{"@id":"https:\/\/www.utrera.org\/reconocimiento-docentes-jubilados-utrera\/"},"wordCount":373,"image":{"@id":"https:\/\/www.utrera.org\/reconocimiento-docentes-jubilados-utrera\/#primaryimage"},"thumbnailUrl":"https:\/\/www.utrera.org\/wp-content\/uploads\/2026\/03\/acto-docentes-jubilados-1-scaled.jpeg","articleSection":["\u200eNoticias Municipales"],"inLanguage":"en-GB"},{"@type":"WebPage","@id":"https:\/\/www.utrera.org\/reconocimiento-docentes-jubilados-utrera\/","url":"https:\/\/www.utrera.org\/reconocimiento-docentes-jubilados-utrera\/","name":"Utrera rinde homenaje a docentes jubilados en un acto institucional","isPartOf":{"@id":"https:\/\/www.utrera.org\/#website"},"primaryImageOfPage":{"@id":"https:\/\/www.utrera.org\/reconocimiento-docentes-jubilados-utrera\/#primaryimage"},"image":{"@id":"https:\/\/www.utrera.org\/reconocimiento-docentes-jubilados-utrera\/#primaryimage"},"thumbnailUrl":"https:\/\/www.utrera.org\/wp-content\/uploads\/2026\/03\/acto-docentes-jubilados-1-scaled.jpeg","datePublished":"2026-03-12T13:07:35+00:00","author":{"@id":"https:\/\/www.utrera.org\/#\/schema\/person\/e0aad5103777e9e4ce3f8a5100195eef"},"description":"El Ayuntamiento homenajea a siete docentes jubilados en un acto institucional organizado por la delegaci\u00f3n de Educaci\u00f3n.","breadcrumb":{"@id":"https:\/\/www.utrera.org\/reconocimiento-docentes-jubilados-utrera\/#breadcrumb"},"inLanguage":"en-GB","potentialAction":[{"@type":"ReadAction","target":["https:\/\/www.utrera.org\/reconocimiento-docentes-jubilados-utrera\/"]}]},{"@type":"ImageObject","inLanguage":"en-GB","@id":"https:\/\/www.utrera.org\/reconocimiento-docentes-jubilados-utrera\/#primaryimage","url":"https:\/\/www.utrera.org\/wp-content\/uploads\/2026\/03\/acto-docentes-jubilados-1-scaled.jpeg","contentUrl":"https:\/\/www.utrera.org\/wp-content\/uploads\/2026\/03\/acto-docentes-jubilados-1-scaled.jpeg","width":2560,"height":1437,"caption":"docentes jubilados Utrera reconocimiento"},{"@type":"BreadcrumbList","@id":"https:\/\/www.utrera.org\/reconocimiento-docentes-jubilados-utrera\/#breadcrumb","itemListElement":[{"@type":"ListItem","position":1,"name":"Inicio","item":"https:\/\/www.utrera.org\/"},{"@type":"ListItem","position":2,"name":"El Ayuntamiento de Utrera celebra un acto en homenaje al personal docente jubilado"}]},{"@type":"WebSite","@id":"https:\/\/www.utrera.org\/#website","url":"https:\/\/www.utrera.org\/","name":"City Council of Utrera","description":"Web Municipal del Ayuntamiento de Utrera","potentialAction":[{"@type":"SearchAction","target":{"@type":"EntryPoint","urlTemplate":"https:\/\/www.utrera.org\/?s={search_term_string}"},"query-input":{"@type":"PropertyValueSpecification","valueRequired":true,"valueName":"search_term_string"}}],"inLanguage":"en-GB"},{"@type":"Person","@id":"https:\/\/www.utrera.org\/#\/schema\/person\/e0aad5103777e9e4ce3f8a5100195eef","name":"City Council of Utrera","image":{"@type":"ImageObject","inLanguage":"en-GB","@id":"https:\/\/secure.gravatar.com\/avatar\/85809c2d573a4a5a96cf61e736896a265a4d893602fcc49f190240eb2e8e010d?s=96&d=mm&r=g","url":"https:\/\/secure.gravatar.com\/avatar\/85809c2d573a4a5a96cf61e736896a265a4d893602fcc49f190240eb2e8e010d?s=96&d=mm&r=g","contentUrl":"https:\/\/secure.gravatar.com\/avatar\/85809c2d573a4a5a96cf61e736896a265a4d893602fcc49f190240eb2e8e010d?s=96&d=mm&r=g","caption":"Ayuntamiento de Utrera"},"url":"https:\/\/www.utrera.org\/en\/author\/amontielvillena\/"}]}},"_links":{"self":[{"href":"https:\/\/www.utrera.org\/en\/wp-json\/wp\/v2\/posts\/63724","targetHints":{"allow":["GET"]}}],"collection":[{"href":"https:\/\/www.utrera.org\/en\/wp-json\/wp\/v2\/posts"}],"about":[{"href":"https:\/\/www.utrera.org\/en\/wp-json\/wp\/v2\/types\/post"}],"author":[{"embeddable":true,"href":"https:\/\/www.utrera.org\/en\/wp-json\/wp\/v2\/users\/15"}],"replies":[{"embeddable":true,"href":"https:\/\/www.utrera.org\/en\/wp-json\/wp\/v2\/comments?post=63724"}],"version-history":[{"count":1,"href":"https:\/\/www.utrera.org\/en\/wp-json\/wp\/v2\/posts\/63724\/revisions"}],"predecessor-version":[{"id":63726,"href":"https:\/\/www.utrera.org\/en\/wp-json\/wp\/v2\/posts\/63724\/revisions\/63726"}],"wp:featuredmedia":[{"embeddable":true,"href":"https:\/\/www.utrera.org\/en\/wp-json\/wp\/v2\/media\/63725"}],"wp:attachment":[{"href":"https:\/\/www.utrera.org\/en\/wp-json\/wp\/v2\/media?parent=63724"}],"wp:term":[{"taxonomy":"category","embeddable":true,"href":"https:\/\/www.utrera.org\/en\/wp-json\/wp\/v2\/categories?post=63724"},{"taxonomy":"post_tag","embeddable":true,"href":"https:\/\/www.utrera.org\/en\/wp-json\/wp\/v2\/tags?post=63724"}],"curies":[{"name":"wp","href":"https:\/\/api.w.org\/{rel}","templated":true}]}}