{"id":63708,"date":"2026-03-11T12:41:26","date_gmt":"2026-03-11T11:41:26","guid":{"rendered":"https:\/\/www.utrera.org\/?p=63708"},"modified":"2026-03-11T12:41:26","modified_gmt":"2026-03-11T11:41:26","slug":"rehabilitacion-viviendas-san-carlos-borromeo-utrera","status":"publish","type":"post","link":"https:\/\/www.utrera.org\/en\/rehabilitacion-viviendas-san-carlos-borromeo-utrera\/","title":{"rendered":"El delegado territorial de Fomento, Articulaci\u00f3n del Territorio y Vivienda, Francisco Ju\u00e1rez, visita las obras de San Carlos Borromeo en Utrera"},"content":{"rendered":"<p data-start=\"101\" data-end=\"790\">El <strong data-start=\"138\" data-end=\"159\">alcalde de Utrera<\/strong>, <strong data-start=\"161\" data-end=\"182\">Francisco Jim\u00e9nez<\/strong>, y la <strong data-start=\"189\" data-end=\"238\">delegada de Reactivaci\u00f3n Econ\u00f3mica y Vivienda<\/strong>, <strong data-start=\"240\" data-end=\"269\">Isabel Gonz\u00e1lez Blanquero<\/strong>, han visitado junto al <strong data-start=\"293\" data-end=\"404\">delegado territorial de Fomento, Articulaci\u00f3n del Territorio y Vivienda de la Junta de Andaluc\u00eda en Sevilla<\/strong>, <strong data-start=\"406\" data-end=\"426\">Francisco Ju\u00e1rez<\/strong>, y responsables t\u00e9cnicos del <strong data-start=\"456\" data-end=\"468\">proyecto<\/strong>, las <strong data-start=\"474\" data-end=\"501\">obras de rehabilitaci\u00f3n<\/strong> que se est\u00e1n ejecutando en <strong data-start=\"529\" data-end=\"593\">121 viviendas del entorno residencial de San Carlos Borromeo<\/strong>. \u201cUn proyecto que permitir\u00e1 <strong data-start=\"622\" data-end=\"698\">mejorar de forma significativa la eficiencia energ\u00e9tica de los edificios<\/strong> y la <strong data-start=\"704\" data-end=\"750\">calidad de vida de las familias residentes<\/strong>\u201d, ha subrayado <strong data-start=\"766\" data-end=\"787\">Francisco Jim\u00e9nez<\/strong>.<\/p>\n<p data-start=\"792\" data-end=\"1122\">Estas <strong data-start=\"798\" data-end=\"807\">obras<\/strong> se est\u00e1n llevando a cabo gracias a una <strong data-start=\"847\" data-end=\"886\">subvenci\u00f3n de 3,3 millones de euros<\/strong> procedente del <strong data-start=\"902\" data-end=\"956\">Plan de Recuperaci\u00f3n, Transformaci\u00f3n y Resiliencia<\/strong>, financiado con <strong data-start=\"973\" data-end=\"1008\">fondos europeos Next Generation<\/strong> y gestionado en <strong data-start=\"1025\" data-end=\"1038\">Andaluc\u00eda<\/strong> a trav\u00e9s de la <strong data-start=\"1054\" data-end=\"1119\">Consejer\u00eda de Fomento, Articulaci\u00f3n del Territorio y Vivienda<\/strong>.<\/p>\n<p data-start=\"1124\" data-end=\"1693\">Los <strong data-start=\"1128\" data-end=\"1140\">trabajos<\/strong> comenzaron el pasado verano y se est\u00e1n desarrollando en <strong data-start=\"1197\" data-end=\"1211\">tres fases<\/strong>. En la actualidad, algunos <strong data-start=\"1239\" data-end=\"1252\">edificios<\/strong> presentan un <strong data-start=\"1266\" data-end=\"1297\">grado de avance muy elevado<\/strong>, con porcentajes de <strong data-start=\"1318\" data-end=\"1348\">ejecuci\u00f3n cercanos al 95 %<\/strong> en determinados bloques, mientras que en otros ya se ha superado el <strong data-start=\"1417\" data-end=\"1425\">50 %<\/strong>. Desde la <strong data-start=\"1436\" data-end=\"1460\">empresa constructora<\/strong> han se\u00f1alado que, a pesar de las <strong data-start=\"1494\" data-end=\"1555\">dificultades propias de una obra de estas caracter\u00edsticas<\/strong>, los <strong data-start=\"1561\" data-end=\"1573\">trabajos<\/strong> se mantienen dentro de los <strong data-start=\"1601\" data-end=\"1621\">plazos previstos<\/strong>, como ha explicado el <strong data-start=\"1644\" data-end=\"1660\">jefe de Obra<\/strong>, <strong data-start=\"1662\" data-end=\"1690\">Francisco Leal Fern\u00e1ndez<\/strong>.<\/p>\n<h3 data-start=\"1695\" data-end=\"1745\"><strong data-start=\"1695\" data-end=\"1743\">Menor aportaci\u00f3n econ\u00f3mica para las familias<\/strong><\/h3>\n<p data-start=\"1747\" data-end=\"2350\"><strong data-start=\"1747\" data-end=\"1758\">Jim\u00e9nez<\/strong> ha querido agradecer \u201cel trabajo que desde la <strong data-start=\"1805\" data-end=\"1845\">delegaci\u00f3n de Reactivaci\u00f3n Econ\u00f3mica<\/strong> y la <strong data-start=\"1851\" data-end=\"1873\">Junta de Andaluc\u00eda<\/strong> se ha venido realizando para que esta <strong data-start=\"1912\" data-end=\"1926\">iniciativa<\/strong> pueda llevarse a cabo\u201d, ya que el planteamiento inicial del <strong data-start=\"1987\" data-end=\"1999\">proyecto<\/strong> implicaba una <strong data-start=\"2014\" data-end=\"2071\">aportaci\u00f3n econ\u00f3mica elevada por parte de los vecinos<\/strong>. En concreto, el acuerdo adoptado en <strong data-start=\"2109\" data-end=\"2126\">enero de 2024<\/strong> contemplaba una <strong data-start=\"2143\" data-end=\"2178\">financiaci\u00f3n de 3.058.257 euros<\/strong> provenientes de <strong data-start=\"2195\" data-end=\"2214\">fondos europeos<\/strong> y una <strong data-start=\"2221\" data-end=\"2274\">contribuci\u00f3n de los particulares de 476.032 euros<\/strong>, lo que supon\u00eda desembolsos cercanos a los <strong data-start=\"2318\" data-end=\"2347\">20.000 euros por vivienda<\/strong>.<\/p>\n<p data-start=\"2352\" data-end=\"2719\">Ante esta situaci\u00f3n, se continu\u00f3 trabajando para <strong data-start=\"2401\" data-end=\"2452\">mejorar las condiciones econ\u00f3micas del proyecto<\/strong>. Posteriormente se aprobaron <strong data-start=\"2482\" data-end=\"2500\">modificaciones<\/strong> que incrementaron la <strong data-start=\"2522\" data-end=\"2546\">financiaci\u00f3n p\u00fablica<\/strong> hasta los <strong data-start=\"2557\" data-end=\"2576\">3.299.077 euros<\/strong> y se incorpor\u00f3 una <strong data-start=\"2596\" data-end=\"2630\">nueva partida de 428.000 euros<\/strong> destinada a <strong data-start=\"2643\" data-end=\"2716\">subvenciones adicionales para personas en situaci\u00f3n de vulnerabilidad<\/strong>.<\/p>\n<p data-start=\"2721\" data-end=\"3134\">El aumento de <strong data-start=\"2735\" data-end=\"2766\">solicitudes de estas ayudas<\/strong> llev\u00f3 a la <strong data-start=\"2778\" data-end=\"2800\">Junta de Andaluc\u00eda<\/strong> a plantear una <strong data-start=\"2816\" data-end=\"2850\">nueva modificaci\u00f3n del acuerdo<\/strong> para ajustar el <strong data-start=\"2867\" data-end=\"2897\">reparto de la financiaci\u00f3n<\/strong> y reducir la <strong data-start=\"2911\" data-end=\"2950\">carga econ\u00f3mica de los propietarios<\/strong>. Gracias a esta revisi\u00f3n, la <strong data-start=\"2980\" data-end=\"3009\">aportaci\u00f3n de los vecinos<\/strong> se ha reducido hasta los <strong data-start=\"3035\" data-end=\"3061\">235.282 euros en total<\/strong>, suponiendo un <strong data-start=\"3077\" data-end=\"3131\">coste final de en torno a 4.000 euros por vivienda<\/strong>.<\/p>\n<h3 data-start=\"3136\" data-end=\"3178\"><strong data-start=\"3136\" data-end=\"3176\">Posterior rehabilitaci\u00f3n del entorno<\/strong><\/h3>\n<p data-start=\"3180\" data-end=\"3427\">Adem\u00e1s de la <strong data-start=\"3193\" data-end=\"3228\">rehabilitaci\u00f3n de los edificios<\/strong>, el <strong data-start=\"3233\" data-end=\"3245\">proyecto<\/strong> contempla <strong data-start=\"3256\" data-end=\"3308\">actuaciones de regeneraci\u00f3n urbana en el entorno<\/strong>, lo que supondr\u00e1 una <strong data-start=\"3330\" data-end=\"3424\">transformaci\u00f3n significativa de una de las principales articulaciones urbanas de la ciudad<\/strong>.<\/p>\n<p data-start=\"3429\" data-end=\"3646\">\u201c<strong data-start=\"3430\" data-end=\"3516\">Utrera sigue avanzando y mejorando con proyectos como el que estamos hoy visitando<\/strong>, que va a mejorar radicalmente todo lo que es el <strong data-start=\"3566\" data-end=\"3600\">entorno de San Carlos Borromeo<\/strong>\u201d, ha puntualizado el <strong data-start=\"3622\" data-end=\"3643\">alcalde de Utrera<\/strong>.<\/p>","protected":false},"excerpt":{"rendered":"<p>El alcalde de Utrera, Francisco Jim\u00e9nez, y la delegada de Reactivaci\u00f3n Econ\u00f3mica y Vivienda, Isabel Gonz\u00e1lez Blanquero, han visitado junto al delegado territorial de Fomento, Articulaci\u00f3n del Territorio y Vivienda de la Junta de Andaluc\u00eda en Sevilla, Francisco Ju\u00e1rez, y responsables t\u00e9cnicos del proyecto, las obras de rehabilitaci\u00f3n que se est\u00e1n ejecutando en 121 viviendas [&hellip;]<\/p>\n","protected":false},"author":15,"featured_media":63709,"comment_status":"closed","ping_status":"closed","sticky":false,"template":"","format":"standard","meta":{"_et_pb_use_builder":"","_et_pb_old_content":"","_et_gb_content_width":"","footnotes":""},"categories":[1],"tags":[],"class_list":["post-63708","post","type-post","status-publish","format-standard","has-post-thumbnail","hentry","category-noticias-municipales","et-has-post-format-content","et_post_format-et-post-format-standard"],"yoast_head":"<!-- This site is optimized with the Yoast SEO plugin v27.3 - https:\/\/yoast.com\/product\/yoast-seo-wordpress\/ -->\n<title>Rehabilitaci\u00f3n de 121 viviendas en San Carlos Borromeo<\/title>\n<meta name=\"description\" content=\"Rehabilitaci\u00f3n de 121 viviendas en San Carlos Borromeo, mejorando eficiencia energ\u00e9tica y calidad de vida de las familias.\" \/>\n<meta name=\"robots\" content=\"index, follow, max-snippet:-1, max-image-preview:large, max-video-preview:-1\" \/>\n<link rel=\"canonical\" href=\"https:\/\/www.utrera.org\/en\/rehabilitacion-viviendas-san-carlos-borromeo-utrera\/\" \/>\n<meta property=\"og:locale\" content=\"en_GB\" \/>\n<meta property=\"og:type\" content=\"article\" \/>\n<meta property=\"og:title\" content=\"Rehabilitaci\u00f3n de 121 viviendas en San Carlos Borromeo\" \/>\n<meta property=\"og:description\" content=\"Rehabilitaci\u00f3n de 121 viviendas en San Carlos Borromeo, mejorando eficiencia energ\u00e9tica y calidad de vida de las familias.\" \/>\n<meta property=\"og:url\" content=\"https:\/\/www.utrera.org\/en\/rehabilitacion-viviendas-san-carlos-borromeo-utrera\/\" \/>\n<meta property=\"og:site_name\" content=\"Ayuntamiento de Utrera\" \/>\n<meta property=\"article:publisher\" content=\"https:\/\/www.facebook.com\/AyuntamientodeUtrera\/\" \/>\n<meta property=\"article:published_time\" content=\"2026-03-11T11:41:26+00:00\" \/>\n<meta property=\"og:image\" content=\"https:\/\/www.utrera.org\/wp-content\/uploads\/2026\/03\/san-carlos-borromeo-11-scaled.jpeg\" \/>\n\t<meta property=\"og:image:width\" content=\"2560\" \/>\n\t<meta property=\"og:image:height\" content=\"1437\" \/>\n\t<meta property=\"og:image:type\" content=\"image\/jpeg\" \/>\n<meta name=\"author\" content=\"Ayuntamiento de Utrera\" \/>\n<meta name=\"twitter:card\" content=\"summary_large_image\" \/>\n<meta name=\"twitter:creator\" content=\"@CiudadUtrera\" \/>\n<meta name=\"twitter:site\" content=\"@CiudadUtrera\" \/>\n<meta name=\"twitter:label1\" content=\"Written by\" \/>\n\t<meta name=\"twitter:data1\" content=\"Ayuntamiento de Utrera\" \/>\n\t<meta name=\"twitter:label2\" content=\"Est. reading time\" \/>\n\t<meta name=\"twitter:data2\" content=\"3 minutes\" \/>\n<script type=\"application\/ld+json\" class=\"yoast-schema-graph\">{\"@context\":\"https:\\\/\\\/schema.org\",\"@graph\":[{\"@type\":\"Article\",\"@id\":\"https:\\\/\\\/www.utrera.org\\\/rehabilitacion-viviendas-san-carlos-borromeo-utrera\\\/#article\",\"isPartOf\":{\"@id\":\"https:\\\/\\\/www.utrera.org\\\/rehabilitacion-viviendas-san-carlos-borromeo-utrera\\\/\"},\"author\":{\"name\":\"Ayuntamiento de Utrera\",\"@id\":\"https:\\\/\\\/www.utrera.org\\\/#\\\/schema\\\/person\\\/e0aad5103777e9e4ce3f8a5100195eef\"},\"headline\":\"El delegado territorial de Fomento, Articulaci\u00f3n del Territorio y Vivienda, Francisco Ju\u00e1rez, visita las obras de San Carlos Borromeo en Utrera\",\"datePublished\":\"2026-03-11T11:41:26+00:00\",\"mainEntityOfPage\":{\"@id\":\"https:\\\/\\\/www.utrera.org\\\/rehabilitacion-viviendas-san-carlos-borromeo-utrera\\\/\"},\"wordCount\":555,\"image\":{\"@id\":\"https:\\\/\\\/www.utrera.org\\\/rehabilitacion-viviendas-san-carlos-borromeo-utrera\\\/#primaryimage\"},\"thumbnailUrl\":\"https:\\\/\\\/www.utrera.org\\\/wp-content\\\/uploads\\\/2026\\\/03\\\/san-carlos-borromeo-11-scaled.jpeg\",\"articleSection\":[\"\u200eNoticias Municipales\"],\"inLanguage\":\"en-GB\"},{\"@type\":\"WebPage\",\"@id\":\"https:\\\/\\\/www.utrera.org\\\/rehabilitacion-viviendas-san-carlos-borromeo-utrera\\\/\",\"url\":\"https:\\\/\\\/www.utrera.org\\\/rehabilitacion-viviendas-san-carlos-borromeo-utrera\\\/\",\"name\":\"Rehabilitaci\u00f3n de 121 viviendas en San Carlos Borromeo\",\"isPartOf\":{\"@id\":\"https:\\\/\\\/www.utrera.org\\\/#website\"},\"primaryImageOfPage\":{\"@id\":\"https:\\\/\\\/www.utrera.org\\\/rehabilitacion-viviendas-san-carlos-borromeo-utrera\\\/#primaryimage\"},\"image\":{\"@id\":\"https:\\\/\\\/www.utrera.org\\\/rehabilitacion-viviendas-san-carlos-borromeo-utrera\\\/#primaryimage\"},\"thumbnailUrl\":\"https:\\\/\\\/www.utrera.org\\\/wp-content\\\/uploads\\\/2026\\\/03\\\/san-carlos-borromeo-11-scaled.jpeg\",\"datePublished\":\"2026-03-11T11:41:26+00:00\",\"author\":{\"@id\":\"https:\\\/\\\/www.utrera.org\\\/#\\\/schema\\\/person\\\/e0aad5103777e9e4ce3f8a5100195eef\"},\"description\":\"Rehabilitaci\u00f3n de 121 viviendas en San Carlos Borromeo, mejorando eficiencia energ\u00e9tica y calidad de vida de las familias.\",\"breadcrumb\":{\"@id\":\"https:\\\/\\\/www.utrera.org\\\/rehabilitacion-viviendas-san-carlos-borromeo-utrera\\\/#breadcrumb\"},\"inLanguage\":\"en-GB\",\"potentialAction\":[{\"@type\":\"ReadAction\",\"target\":[\"https:\\\/\\\/www.utrera.org\\\/rehabilitacion-viviendas-san-carlos-borromeo-utrera\\\/\"]}]},{\"@type\":\"ImageObject\",\"inLanguage\":\"en-GB\",\"@id\":\"https:\\\/\\\/www.utrera.org\\\/rehabilitacion-viviendas-san-carlos-borromeo-utrera\\\/#primaryimage\",\"url\":\"https:\\\/\\\/www.utrera.org\\\/wp-content\\\/uploads\\\/2026\\\/03\\\/san-carlos-borromeo-11-scaled.jpeg\",\"contentUrl\":\"https:\\\/\\\/www.utrera.org\\\/wp-content\\\/uploads\\\/2026\\\/03\\\/san-carlos-borromeo-11-scaled.jpeg\",\"width\":2560,\"height\":1437,\"caption\":\"Rehabilitaci\u00f3n de 121 viviendas en San Carlos Borromeo\"},{\"@type\":\"BreadcrumbList\",\"@id\":\"https:\\\/\\\/www.utrera.org\\\/rehabilitacion-viviendas-san-carlos-borromeo-utrera\\\/#breadcrumb\",\"itemListElement\":[{\"@type\":\"ListItem\",\"position\":1,\"name\":\"Inicio\",\"item\":\"https:\\\/\\\/www.utrera.org\\\/\"},{\"@type\":\"ListItem\",\"position\":2,\"name\":\"El delegado territorial de Fomento, Articulaci\u00f3n del Territorio y Vivienda, Francisco Ju\u00e1rez, visita las obras de San Carlos Borromeo en Utrera\"}]},{\"@type\":\"WebSite\",\"@id\":\"https:\\\/\\\/www.utrera.org\\\/#website\",\"url\":\"https:\\\/\\\/www.utrera.org\\\/\",\"name\":\"Ayuntamiento de Utrera\",\"description\":\"Web Municipal del Ayuntamiento de Utrera\",\"potentialAction\":[{\"@type\":\"SearchAction\",\"target\":{\"@type\":\"EntryPoint\",\"urlTemplate\":\"https:\\\/\\\/www.utrera.org\\\/?s={search_term_string}\"},\"query-input\":{\"@type\":\"PropertyValueSpecification\",\"valueRequired\":true,\"valueName\":\"search_term_string\"}}],\"inLanguage\":\"en-GB\"},{\"@type\":\"Person\",\"@id\":\"https:\\\/\\\/www.utrera.org\\\/#\\\/schema\\\/person\\\/e0aad5103777e9e4ce3f8a5100195eef\",\"name\":\"Ayuntamiento de Utrera\",\"image\":{\"@type\":\"ImageObject\",\"inLanguage\":\"en-GB\",\"@id\":\"https:\\\/\\\/secure.gravatar.com\\\/avatar\\\/85809c2d573a4a5a96cf61e736896a265a4d893602fcc49f190240eb2e8e010d?s=96&d=mm&r=g\",\"url\":\"https:\\\/\\\/secure.gravatar.com\\\/avatar\\\/85809c2d573a4a5a96cf61e736896a265a4d893602fcc49f190240eb2e8e010d?s=96&d=mm&r=g\",\"contentUrl\":\"https:\\\/\\\/secure.gravatar.com\\\/avatar\\\/85809c2d573a4a5a96cf61e736896a265a4d893602fcc49f190240eb2e8e010d?s=96&d=mm&r=g\",\"caption\":\"Ayuntamiento de Utrera\"},\"url\":\"https:\\\/\\\/www.utrera.org\\\/en\\\/author\\\/amontielvillena\\\/\"}]}<\/script>\n<!-- \/ Yoast SEO plugin. -->","yoast_head_json":{"title":"Rehabilitaci\u00f3n de 121 viviendas en San Carlos Borromeo","description":"Rehabilitaci\u00f3n de 121 viviendas en San Carlos Borromeo, mejorando eficiencia energ\u00e9tica y calidad de vida de las familias.","robots":{"index":"index","follow":"follow","max-snippet":"max-snippet:-1","max-image-preview":"max-image-preview:large","max-video-preview":"max-video-preview:-1"},"canonical":"https:\/\/www.utrera.org\/en\/rehabilitacion-viviendas-san-carlos-borromeo-utrera\/","og_locale":"en_GB","og_type":"article","og_title":"Rehabilitaci\u00f3n de 121 viviendas en San Carlos Borromeo","og_description":"Rehabilitaci\u00f3n de 121 viviendas en San Carlos Borromeo, mejorando eficiencia energ\u00e9tica y calidad de vida de las familias.","og_url":"https:\/\/www.utrera.org\/en\/rehabilitacion-viviendas-san-carlos-borromeo-utrera\/","og_site_name":"Ayuntamiento de Utrera","article_publisher":"https:\/\/www.facebook.com\/AyuntamientodeUtrera\/","article_published_time":"2026-03-11T11:41:26+00:00","og_image":[{"width":2560,"height":1437,"url":"https:\/\/www.utrera.org\/wp-content\/uploads\/2026\/03\/san-carlos-borromeo-11-scaled.jpeg","type":"image\/jpeg"}],"author":"Ayuntamiento de Utrera","twitter_card":"summary_large_image","twitter_creator":"@CiudadUtrera","twitter_site":"@CiudadUtrera","twitter_misc":{"Written by":"Ayuntamiento de Utrera","Est. reading time":"3 minutes"},"schema":{"@context":"https:\/\/schema.org","@graph":[{"@type":"Article","@id":"https:\/\/www.utrera.org\/rehabilitacion-viviendas-san-carlos-borromeo-utrera\/#article","isPartOf":{"@id":"https:\/\/www.utrera.org\/rehabilitacion-viviendas-san-carlos-borromeo-utrera\/"},"author":{"name":"Ayuntamiento de Utrera","@id":"https:\/\/www.utrera.org\/#\/schema\/person\/e0aad5103777e9e4ce3f8a5100195eef"},"headline":"El delegado territorial de Fomento, Articulaci\u00f3n del Territorio y Vivienda, Francisco Ju\u00e1rez, visita las obras de San Carlos Borromeo en Utrera","datePublished":"2026-03-11T11:41:26+00:00","mainEntityOfPage":{"@id":"https:\/\/www.utrera.org\/rehabilitacion-viviendas-san-carlos-borromeo-utrera\/"},"wordCount":555,"image":{"@id":"https:\/\/www.utrera.org\/rehabilitacion-viviendas-san-carlos-borromeo-utrera\/#primaryimage"},"thumbnailUrl":"https:\/\/www.utrera.org\/wp-content\/uploads\/2026\/03\/san-carlos-borromeo-11-scaled.jpeg","articleSection":["\u200eNoticias Municipales"],"inLanguage":"en-GB"},{"@type":"WebPage","@id":"https:\/\/www.utrera.org\/rehabilitacion-viviendas-san-carlos-borromeo-utrera\/","url":"https:\/\/www.utrera.org\/rehabilitacion-viviendas-san-carlos-borromeo-utrera\/","name":"Rehabilitaci\u00f3n de 121 viviendas en San Carlos Borromeo","isPartOf":{"@id":"https:\/\/www.utrera.org\/#website"},"primaryImageOfPage":{"@id":"https:\/\/www.utrera.org\/rehabilitacion-viviendas-san-carlos-borromeo-utrera\/#primaryimage"},"image":{"@id":"https:\/\/www.utrera.org\/rehabilitacion-viviendas-san-carlos-borromeo-utrera\/#primaryimage"},"thumbnailUrl":"https:\/\/www.utrera.org\/wp-content\/uploads\/2026\/03\/san-carlos-borromeo-11-scaled.jpeg","datePublished":"2026-03-11T11:41:26+00:00","author":{"@id":"https:\/\/www.utrera.org\/#\/schema\/person\/e0aad5103777e9e4ce3f8a5100195eef"},"description":"Rehabilitaci\u00f3n de 121 viviendas en San Carlos Borromeo, mejorando eficiencia energ\u00e9tica y calidad de vida de las familias.","breadcrumb":{"@id":"https:\/\/www.utrera.org\/rehabilitacion-viviendas-san-carlos-borromeo-utrera\/#breadcrumb"},"inLanguage":"en-GB","potentialAction":[{"@type":"ReadAction","target":["https:\/\/www.utrera.org\/rehabilitacion-viviendas-san-carlos-borromeo-utrera\/"]}]},{"@type":"ImageObject","inLanguage":"en-GB","@id":"https:\/\/www.utrera.org\/rehabilitacion-viviendas-san-carlos-borromeo-utrera\/#primaryimage","url":"https:\/\/www.utrera.org\/wp-content\/uploads\/2026\/03\/san-carlos-borromeo-11-scaled.jpeg","contentUrl":"https:\/\/www.utrera.org\/wp-content\/uploads\/2026\/03\/san-carlos-borromeo-11-scaled.jpeg","width":2560,"height":1437,"caption":"Rehabilitaci\u00f3n de 121 viviendas en San Carlos Borromeo"},{"@type":"BreadcrumbList","@id":"https:\/\/www.utrera.org\/rehabilitacion-viviendas-san-carlos-borromeo-utrera\/#breadcrumb","itemListElement":[{"@type":"ListItem","position":1,"name":"Inicio","item":"https:\/\/www.utrera.org\/"},{"@type":"ListItem","position":2,"name":"El delegado territorial de Fomento, Articulaci\u00f3n del Territorio y Vivienda, Francisco Ju\u00e1rez, visita las obras de San Carlos Borromeo en Utrera"}]},{"@type":"WebSite","@id":"https:\/\/www.utrera.org\/#website","url":"https:\/\/www.utrera.org\/","name":"City Council of Utrera","description":"Web Municipal del Ayuntamiento de Utrera","potentialAction":[{"@type":"SearchAction","target":{"@type":"EntryPoint","urlTemplate":"https:\/\/www.utrera.org\/?s={search_term_string}"},"query-input":{"@type":"PropertyValueSpecification","valueRequired":true,"valueName":"search_term_string"}}],"inLanguage":"en-GB"},{"@type":"Person","@id":"https:\/\/www.utrera.org\/#\/schema\/person\/e0aad5103777e9e4ce3f8a5100195eef","name":"City Council of Utrera","image":{"@type":"ImageObject","inLanguage":"en-GB","@id":"https:\/\/secure.gravatar.com\/avatar\/85809c2d573a4a5a96cf61e736896a265a4d893602fcc49f190240eb2e8e010d?s=96&d=mm&r=g","url":"https:\/\/secure.gravatar.com\/avatar\/85809c2d573a4a5a96cf61e736896a265a4d893602fcc49f190240eb2e8e010d?s=96&d=mm&r=g","contentUrl":"https:\/\/secure.gravatar.com\/avatar\/85809c2d573a4a5a96cf61e736896a265a4d893602fcc49f190240eb2e8e010d?s=96&d=mm&r=g","caption":"Ayuntamiento de Utrera"},"url":"https:\/\/www.utrera.org\/en\/author\/amontielvillena\/"}]}},"_links":{"self":[{"href":"https:\/\/www.utrera.org\/en\/wp-json\/wp\/v2\/posts\/63708","targetHints":{"allow":["GET"]}}],"collection":[{"href":"https:\/\/www.utrera.org\/en\/wp-json\/wp\/v2\/posts"}],"about":[{"href":"https:\/\/www.utrera.org\/en\/wp-json\/wp\/v2\/types\/post"}],"author":[{"embeddable":true,"href":"https:\/\/www.utrera.org\/en\/wp-json\/wp\/v2\/users\/15"}],"replies":[{"embeddable":true,"href":"https:\/\/www.utrera.org\/en\/wp-json\/wp\/v2\/comments?post=63708"}],"version-history":[{"count":1,"href":"https:\/\/www.utrera.org\/en\/wp-json\/wp\/v2\/posts\/63708\/revisions"}],"predecessor-version":[{"id":63710,"href":"https:\/\/www.utrera.org\/en\/wp-json\/wp\/v2\/posts\/63708\/revisions\/63710"}],"wp:featuredmedia":[{"embeddable":true,"href":"https:\/\/www.utrera.org\/en\/wp-json\/wp\/v2\/media\/63709"}],"wp:attachment":[{"href":"https:\/\/www.utrera.org\/en\/wp-json\/wp\/v2\/media?parent=63708"}],"wp:term":[{"taxonomy":"category","embeddable":true,"href":"https:\/\/www.utrera.org\/en\/wp-json\/wp\/v2\/categories?post=63708"},{"taxonomy":"post_tag","embeddable":true,"href":"https:\/\/www.utrera.org\/en\/wp-json\/wp\/v2\/tags?post=63708"}],"curies":[{"name":"wp","href":"https:\/\/api.w.org\/{rel}","templated":true}]}}