{"id":53907,"date":"2024-06-22T09:12:02","date_gmt":"2024-06-22T08:12:02","guid":{"rendered":"https:\/\/www.utrera.org\/?p=53907"},"modified":"2024-06-22T09:12:02","modified_gmt":"2024-06-22T08:12:02","slug":"el-alcalde-reclama-que-tanto-el-consorcio-como-la-empresa-aguas-del-huesna-tengan-la-sede-social-y-fiscal-en-utrera","status":"publish","type":"post","link":"https:\/\/www.utrera.org\/en\/el-alcalde-reclama-que-tanto-el-consorcio-como-la-empresa-aguas-del-huesna-tengan-la-sede-social-y-fiscal-en-utrera\/","title":{"rendered":"El alcalde reclama que, tanto el Consorcio como la empresa Aguas del Huesna, tengan la sede social y fiscal en Utrera"},"content":{"rendered":"<p>Cuando se cumple un a\u00f1o del nombramiento como alcalde de Francisco Jim\u00e9nez, por fin el Presidente de la Diputaci\u00f3n Provincial, Javier Fern\u00e1ndez, ha atendido al primer edil para analizar asuntos de importancia para Utrera, como la relaci\u00f3n con el Consorcio y la empresa Aguas del Huesna.<\/p>\n<p>Utrera representa el 20% de los abonados del conjunto de municipios que integran el consorcio y es con diferencia la ciudad que m\u00e1s aporta a los ingresos de la empresa Aguas del Huesna. De los 35 millones de euros que se ingresan, algo m\u00e1s de 10 millones son de Utrera, cantidad que es muy superior al 20% que ser\u00eda proporcional al n\u00famero de habitantes. Jim\u00e9nez le traslad\u00f3 al presidente provincial el compromiso hist\u00f3rico de Utrera con el Huesna, consorcio al que nunca dej\u00f3 de pertenecer, mientras que por parte del Huesna a lo largo de tres d\u00e9cadas nunca se ha hecho efectivo el compromiso de instalar la sede en nuestra ciudad, proyecto para el que el consorcio ten\u00eda contemplada la cantidad de 4 millones de euros.<\/p>\n<p>En el a\u00f1o 2007, tras las inundaciones que sufri\u00f3 la ciudad como consecuencia del desbordamiento del arroyo del Calzas Anchas, Jim\u00e9nez plante\u00f3 la necesidad de destinar aquellos 4 millones de euros al arreglo de las infraestructuras hidra\u00falicas necesarias para evitar futuros desbordamientos, propuesta que fue rechazada por el resto de miembros del consorcio y que tuvo como consecuencia la decisi\u00f3n de que Utrera abandonara el Huesna.<\/p>\n<p>Aquel conflicto se solucion\u00f3, mediante un acuerdo del que qued\u00f3 pendiente abonar a Utrera la cantidad de 1,5 millones de euros que hasta la fecha tampoco se han pagado.<\/p>\n<p>Durante los 8 a\u00f1os del gobierno anterior, se plante\u00f3 intercambiar dicho pago a cambio de que la sede del consorcio se instalase definitivamente en Utrera, para ello se firm\u00f3 un convenio entre el Ayuntamiento y el Huesna que ha caducado y que el pasado mes de abril se volvi\u00f3 a plantear sin que hasta el momento se haya firmado por parte de la Diputaci\u00f3n, de la que depende el consorcio.<\/p>\n<p>El presidente de la Diputaci\u00f3n mostr\u00f3 su disposici\u00f3n a estudiar la renovaci\u00f3n del mismo y a continuar la colaboraci\u00f3n entre las partes para alcanzar un buen acuerdo. Mientras, el alcalde le traslad\u00f3 que hab\u00eda que incluir el compromiso de que la sede social y fiscal, tanto del consorcio como de la empresa Aguas del Huesna, deben estar en Utrera, porque no es l\u00f3gico que los impuestos se paguen en Sevilla y no en la principal poblaci\u00f3n de las que componen el consorcio.<\/p>\n<p>Por otro lado, el alcalde de Utrera traslad\u00f3 al presidente la queja por la tarifa del agua en alta aprobada por el Huesna, que puede hacer inviable llevar agua potable a las urbanizaciones en suelo r\u00fastico. En la actualidad son varias las urbanizaciones que se encuentran tramitando dichos proyectos en los que la ejecuci\u00f3n de las infraestructuras necesarias no ser\u00e1n asumidas por el Huesna al no tratarse de suelo urbano y, dif\u00edcilmente, dicho coste podr\u00e1 ser soportado por los propios vecinos. Para que una empresa externa pueda acometer estas obras ser\u00eda necesario que el precio del agua en alta sea asumible y no los 0,86 euros\/m3 que es la tarifa aprobada por el Huesna. Basta recordar que, por el mismo concepto, Aljarafesa cobra 0,32 euros\/m3 .<\/p>","protected":false},"excerpt":{"rendered":"<p>Cuando se cumple un a\u00f1o del nombramiento como alcalde de Francisco Jim\u00e9nez, por fin el Presidente de la Diputaci\u00f3n Provincial, Javier Fern\u00e1ndez, ha atendido al primer edil para analizar asuntos de importancia para Utrera, como la relaci\u00f3n con el Consorcio y la empresa Aguas del Huesna. Utrera representa el 20% de los abonados del conjunto [&hellip;]<\/p>\n","protected":false},"author":14,"featured_media":53908,"comment_status":"closed","ping_status":"closed","sticky":false,"template":"","format":"standard","meta":{"_et_pb_use_builder":"","_et_pb_old_content":"","_et_gb_content_width":"","footnotes":""},"categories":[746,728,1635,1],"tags":[],"class_list":["post-53907","post","type-post","status-publish","format-standard","has-post-thumbnail","hentry","category-ayuntamiento","category-ciudad","category-noticias-destacadas","category-noticias-municipales","et-has-post-format-content","et_post_format-et-post-format-standard"],"yoast_head":"<!-- This site is optimized with the Yoast SEO plugin v27.3 - https:\/\/yoast.com\/product\/yoast-seo-wordpress\/ -->\n<title>El alcalde reclama que, tanto el Consorcio como la empresa Aguas del Huesna, tengan la sede social y fiscal en Utrera - Ayuntamiento de Utrera<\/title>\n<meta name=\"robots\" content=\"index, follow, max-snippet:-1, max-image-preview:large, max-video-preview:-1\" \/>\n<link rel=\"canonical\" href=\"https:\/\/www.utrera.org\/en\/el-alcalde-reclama-que-tanto-el-consorcio-como-la-empresa-aguas-del-huesna-tengan-la-sede-social-y-fiscal-en-utrera\/\" \/>\n<meta property=\"og:locale\" content=\"en_GB\" \/>\n<meta property=\"og:type\" content=\"article\" \/>\n<meta property=\"og:title\" content=\"El alcalde reclama que, tanto el Consorcio como la empresa Aguas del Huesna, tengan la sede social y fiscal en Utrera - Ayuntamiento de Utrera\" \/>\n<meta property=\"og:description\" content=\"Cuando se cumple un a\u00f1o del nombramiento como alcalde de Francisco Jim\u00e9nez, por fin el Presidente de la Diputaci\u00f3n Provincial, Javier Fern\u00e1ndez, ha atendido al primer edil para analizar asuntos de importancia para Utrera, como la relaci\u00f3n con el Consorcio y la empresa Aguas del Huesna. Utrera representa el 20% de los abonados del conjunto [&hellip;]\" \/>\n<meta property=\"og:url\" content=\"https:\/\/www.utrera.org\/en\/el-alcalde-reclama-que-tanto-el-consorcio-como-la-empresa-aguas-del-huesna-tengan-la-sede-social-y-fiscal-en-utrera\/\" \/>\n<meta property=\"og:site_name\" content=\"Ayuntamiento de Utrera\" \/>\n<meta property=\"article:publisher\" content=\"https:\/\/www.facebook.com\/AyuntamientodeUtrera\/\" \/>\n<meta property=\"article:published_time\" content=\"2024-06-22T08:12:02+00:00\" \/>\n<meta property=\"og:image\" content=\"https:\/\/www.utrera.org\/wp-content\/uploads\/2024\/06\/ayuntamiento_1.jpg\" \/>\n\t<meta property=\"og:image:width\" content=\"1195\" \/>\n\t<meta property=\"og:image:height\" content=\"672\" \/>\n\t<meta property=\"og:image:type\" content=\"image\/jpeg\" \/>\n<meta name=\"author\" content=\"Ayuntamiento de Utrera\" \/>\n<meta name=\"twitter:card\" content=\"summary_large_image\" \/>\n<meta name=\"twitter:creator\" content=\"@CiudadUtrera\" \/>\n<meta name=\"twitter:site\" content=\"@CiudadUtrera\" \/>\n<meta name=\"twitter:label1\" content=\"Written by\" \/>\n\t<meta name=\"twitter:data1\" content=\"Ayuntamiento de Utrera\" \/>\n\t<meta name=\"twitter:label2\" content=\"Est. reading time\" \/>\n\t<meta name=\"twitter:data2\" content=\"3 minutes\" \/>\n<script type=\"application\/ld+json\" class=\"yoast-schema-graph\">{\"@context\":\"https:\\\/\\\/schema.org\",\"@graph\":[{\"@type\":\"Article\",\"@id\":\"https:\\\/\\\/www.utrera.org\\\/el-alcalde-reclama-que-tanto-el-consorcio-como-la-empresa-aguas-del-huesna-tengan-la-sede-social-y-fiscal-en-utrera\\\/#article\",\"isPartOf\":{\"@id\":\"https:\\\/\\\/www.utrera.org\\\/el-alcalde-reclama-que-tanto-el-consorcio-como-la-empresa-aguas-del-huesna-tengan-la-sede-social-y-fiscal-en-utrera\\\/\"},\"author\":{\"name\":\"Ayuntamiento de Utrera\",\"@id\":\"https:\\\/\\\/www.utrera.org\\\/#\\\/schema\\\/person\\\/ccefc7beddeda3b8bd87568ed2c430f3\"},\"headline\":\"El alcalde reclama que, tanto el Consorcio como la empresa Aguas del Huesna, tengan la sede social y fiscal en Utrera\",\"datePublished\":\"2024-06-22T08:12:02+00:00\",\"mainEntityOfPage\":{\"@id\":\"https:\\\/\\\/www.utrera.org\\\/el-alcalde-reclama-que-tanto-el-consorcio-como-la-empresa-aguas-del-huesna-tengan-la-sede-social-y-fiscal-en-utrera\\\/\"},\"wordCount\":587,\"image\":{\"@id\":\"https:\\\/\\\/www.utrera.org\\\/el-alcalde-reclama-que-tanto-el-consorcio-como-la-empresa-aguas-del-huesna-tengan-la-sede-social-y-fiscal-en-utrera\\\/#primaryimage\"},\"thumbnailUrl\":\"https:\\\/\\\/www.utrera.org\\\/wp-content\\\/uploads\\\/2024\\\/06\\\/ayuntamiento_1.jpg\",\"articleSection\":[\"Ayuntamiento\",\"Ciudad\",\"Noticias Destacadas\",\"\u200eNoticias Municipales\"],\"inLanguage\":\"en-GB\"},{\"@type\":\"WebPage\",\"@id\":\"https:\\\/\\\/www.utrera.org\\\/el-alcalde-reclama-que-tanto-el-consorcio-como-la-empresa-aguas-del-huesna-tengan-la-sede-social-y-fiscal-en-utrera\\\/\",\"url\":\"https:\\\/\\\/www.utrera.org\\\/el-alcalde-reclama-que-tanto-el-consorcio-como-la-empresa-aguas-del-huesna-tengan-la-sede-social-y-fiscal-en-utrera\\\/\",\"name\":\"El alcalde reclama que, tanto el Consorcio como la empresa Aguas del Huesna, tengan la sede social y fiscal en Utrera - Ayuntamiento de Utrera\",\"isPartOf\":{\"@id\":\"https:\\\/\\\/www.utrera.org\\\/#website\"},\"primaryImageOfPage\":{\"@id\":\"https:\\\/\\\/www.utrera.org\\\/el-alcalde-reclama-que-tanto-el-consorcio-como-la-empresa-aguas-del-huesna-tengan-la-sede-social-y-fiscal-en-utrera\\\/#primaryimage\"},\"image\":{\"@id\":\"https:\\\/\\\/www.utrera.org\\\/el-alcalde-reclama-que-tanto-el-consorcio-como-la-empresa-aguas-del-huesna-tengan-la-sede-social-y-fiscal-en-utrera\\\/#primaryimage\"},\"thumbnailUrl\":\"https:\\\/\\\/www.utrera.org\\\/wp-content\\\/uploads\\\/2024\\\/06\\\/ayuntamiento_1.jpg\",\"datePublished\":\"2024-06-22T08:12:02+00:00\",\"author\":{\"@id\":\"https:\\\/\\\/www.utrera.org\\\/#\\\/schema\\\/person\\\/ccefc7beddeda3b8bd87568ed2c430f3\"},\"breadcrumb\":{\"@id\":\"https:\\\/\\\/www.utrera.org\\\/el-alcalde-reclama-que-tanto-el-consorcio-como-la-empresa-aguas-del-huesna-tengan-la-sede-social-y-fiscal-en-utrera\\\/#breadcrumb\"},\"inLanguage\":\"en-GB\",\"potentialAction\":[{\"@type\":\"ReadAction\",\"target\":[\"https:\\\/\\\/www.utrera.org\\\/el-alcalde-reclama-que-tanto-el-consorcio-como-la-empresa-aguas-del-huesna-tengan-la-sede-social-y-fiscal-en-utrera\\\/\"]}]},{\"@type\":\"ImageObject\",\"inLanguage\":\"en-GB\",\"@id\":\"https:\\\/\\\/www.utrera.org\\\/el-alcalde-reclama-que-tanto-el-consorcio-como-la-empresa-aguas-del-huesna-tengan-la-sede-social-y-fiscal-en-utrera\\\/#primaryimage\",\"url\":\"https:\\\/\\\/www.utrera.org\\\/wp-content\\\/uploads\\\/2024\\\/06\\\/ayuntamiento_1.jpg\",\"contentUrl\":\"https:\\\/\\\/www.utrera.org\\\/wp-content\\\/uploads\\\/2024\\\/06\\\/ayuntamiento_1.jpg\",\"width\":1195,\"height\":672,\"caption\":\"Reuni\u00f3n de la Comisi\u00f3n Local de Patrimonio Hist\u00f3rico en el Ayuntamiento de Utrera\"},{\"@type\":\"BreadcrumbList\",\"@id\":\"https:\\\/\\\/www.utrera.org\\\/el-alcalde-reclama-que-tanto-el-consorcio-como-la-empresa-aguas-del-huesna-tengan-la-sede-social-y-fiscal-en-utrera\\\/#breadcrumb\",\"itemListElement\":[{\"@type\":\"ListItem\",\"position\":1,\"name\":\"Inicio\",\"item\":\"https:\\\/\\\/www.utrera.org\\\/\"},{\"@type\":\"ListItem\",\"position\":2,\"name\":\"El alcalde reclama que, tanto el Consorcio como la empresa Aguas del Huesna, tengan la sede social y fiscal en Utrera\"}]},{\"@type\":\"WebSite\",\"@id\":\"https:\\\/\\\/www.utrera.org\\\/#website\",\"url\":\"https:\\\/\\\/www.utrera.org\\\/\",\"name\":\"Ayuntamiento de Utrera\",\"description\":\"Web Municipal del Ayuntamiento de Utrera\",\"potentialAction\":[{\"@type\":\"SearchAction\",\"target\":{\"@type\":\"EntryPoint\",\"urlTemplate\":\"https:\\\/\\\/www.utrera.org\\\/?s={search_term_string}\"},\"query-input\":{\"@type\":\"PropertyValueSpecification\",\"valueRequired\":true,\"valueName\":\"search_term_string\"}}],\"inLanguage\":\"en-GB\"},{\"@type\":\"Person\",\"@id\":\"https:\\\/\\\/www.utrera.org\\\/#\\\/schema\\\/person\\\/ccefc7beddeda3b8bd87568ed2c430f3\",\"name\":\"Ayuntamiento de Utrera\",\"image\":{\"@type\":\"ImageObject\",\"inLanguage\":\"en-GB\",\"@id\":\"https:\\\/\\\/secure.gravatar.com\\\/avatar\\\/57deda82225288cb73f553ce474a7c7073645fd50ef152cdbd195d8ea699ac8b?s=96&d=mm&r=g\",\"url\":\"https:\\\/\\\/secure.gravatar.com\\\/avatar\\\/57deda82225288cb73f553ce474a7c7073645fd50ef152cdbd195d8ea699ac8b?s=96&d=mm&r=g\",\"contentUrl\":\"https:\\\/\\\/secure.gravatar.com\\\/avatar\\\/57deda82225288cb73f553ce474a7c7073645fd50ef152cdbd195d8ea699ac8b?s=96&d=mm&r=g\",\"caption\":\"Ayuntamiento de Utrera\"},\"sameAs\":[\"http:\\\/\\\/utrera.org\"],\"url\":\"https:\\\/\\\/www.utrera.org\\\/en\\\/author\\\/clopezprieto\\\/\"}]}<\/script>\n<!-- \/ Yoast SEO plugin. -->","yoast_head_json":{"title":"El alcalde reclama que, tanto el Consorcio como la empresa Aguas del Huesna, tengan la sede social y fiscal en Utrera - Ayuntamiento de Utrera","robots":{"index":"index","follow":"follow","max-snippet":"max-snippet:-1","max-image-preview":"max-image-preview:large","max-video-preview":"max-video-preview:-1"},"canonical":"https:\/\/www.utrera.org\/en\/el-alcalde-reclama-que-tanto-el-consorcio-como-la-empresa-aguas-del-huesna-tengan-la-sede-social-y-fiscal-en-utrera\/","og_locale":"en_GB","og_type":"article","og_title":"El alcalde reclama que, tanto el Consorcio como la empresa Aguas del Huesna, tengan la sede social y fiscal en Utrera - Ayuntamiento de Utrera","og_description":"Cuando se cumple un a\u00f1o del nombramiento como alcalde de Francisco Jim\u00e9nez, por fin el Presidente de la Diputaci\u00f3n Provincial, Javier Fern\u00e1ndez, ha atendido al primer edil para analizar asuntos de importancia para Utrera, como la relaci\u00f3n con el Consorcio y la empresa Aguas del Huesna. Utrera representa el 20% de los abonados del conjunto [&hellip;]","og_url":"https:\/\/www.utrera.org\/en\/el-alcalde-reclama-que-tanto-el-consorcio-como-la-empresa-aguas-del-huesna-tengan-la-sede-social-y-fiscal-en-utrera\/","og_site_name":"Ayuntamiento de Utrera","article_publisher":"https:\/\/www.facebook.com\/AyuntamientodeUtrera\/","article_published_time":"2024-06-22T08:12:02+00:00","og_image":[{"width":1195,"height":672,"url":"https:\/\/www.utrera.org\/wp-content\/uploads\/2024\/06\/ayuntamiento_1.jpg","type":"image\/jpeg"}],"author":"Ayuntamiento de Utrera","twitter_card":"summary_large_image","twitter_creator":"@CiudadUtrera","twitter_site":"@CiudadUtrera","twitter_misc":{"Written by":"Ayuntamiento de Utrera","Est. reading time":"3 minutes"},"schema":{"@context":"https:\/\/schema.org","@graph":[{"@type":"Article","@id":"https:\/\/www.utrera.org\/el-alcalde-reclama-que-tanto-el-consorcio-como-la-empresa-aguas-del-huesna-tengan-la-sede-social-y-fiscal-en-utrera\/#article","isPartOf":{"@id":"https:\/\/www.utrera.org\/el-alcalde-reclama-que-tanto-el-consorcio-como-la-empresa-aguas-del-huesna-tengan-la-sede-social-y-fiscal-en-utrera\/"},"author":{"name":"Ayuntamiento de Utrera","@id":"https:\/\/www.utrera.org\/#\/schema\/person\/ccefc7beddeda3b8bd87568ed2c430f3"},"headline":"El alcalde reclama que, tanto el Consorcio como la empresa Aguas del Huesna, tengan la sede social y fiscal en Utrera","datePublished":"2024-06-22T08:12:02+00:00","mainEntityOfPage":{"@id":"https:\/\/www.utrera.org\/el-alcalde-reclama-que-tanto-el-consorcio-como-la-empresa-aguas-del-huesna-tengan-la-sede-social-y-fiscal-en-utrera\/"},"wordCount":587,"image":{"@id":"https:\/\/www.utrera.org\/el-alcalde-reclama-que-tanto-el-consorcio-como-la-empresa-aguas-del-huesna-tengan-la-sede-social-y-fiscal-en-utrera\/#primaryimage"},"thumbnailUrl":"https:\/\/www.utrera.org\/wp-content\/uploads\/2024\/06\/ayuntamiento_1.jpg","articleSection":["Ayuntamiento","Ciudad","Noticias Destacadas","\u200eNoticias Municipales"],"inLanguage":"en-GB"},{"@type":"WebPage","@id":"https:\/\/www.utrera.org\/el-alcalde-reclama-que-tanto-el-consorcio-como-la-empresa-aguas-del-huesna-tengan-la-sede-social-y-fiscal-en-utrera\/","url":"https:\/\/www.utrera.org\/el-alcalde-reclama-que-tanto-el-consorcio-como-la-empresa-aguas-del-huesna-tengan-la-sede-social-y-fiscal-en-utrera\/","name":"El alcalde reclama que, tanto el Consorcio como la empresa Aguas del Huesna, tengan la sede social y fiscal en Utrera - Ayuntamiento de Utrera","isPartOf":{"@id":"https:\/\/www.utrera.org\/#website"},"primaryImageOfPage":{"@id":"https:\/\/www.utrera.org\/el-alcalde-reclama-que-tanto-el-consorcio-como-la-empresa-aguas-del-huesna-tengan-la-sede-social-y-fiscal-en-utrera\/#primaryimage"},"image":{"@id":"https:\/\/www.utrera.org\/el-alcalde-reclama-que-tanto-el-consorcio-como-la-empresa-aguas-del-huesna-tengan-la-sede-social-y-fiscal-en-utrera\/#primaryimage"},"thumbnailUrl":"https:\/\/www.utrera.org\/wp-content\/uploads\/2024\/06\/ayuntamiento_1.jpg","datePublished":"2024-06-22T08:12:02+00:00","author":{"@id":"https:\/\/www.utrera.org\/#\/schema\/person\/ccefc7beddeda3b8bd87568ed2c430f3"},"breadcrumb":{"@id":"https:\/\/www.utrera.org\/el-alcalde-reclama-que-tanto-el-consorcio-como-la-empresa-aguas-del-huesna-tengan-la-sede-social-y-fiscal-en-utrera\/#breadcrumb"},"inLanguage":"en-GB","potentialAction":[{"@type":"ReadAction","target":["https:\/\/www.utrera.org\/el-alcalde-reclama-que-tanto-el-consorcio-como-la-empresa-aguas-del-huesna-tengan-la-sede-social-y-fiscal-en-utrera\/"]}]},{"@type":"ImageObject","inLanguage":"en-GB","@id":"https:\/\/www.utrera.org\/el-alcalde-reclama-que-tanto-el-consorcio-como-la-empresa-aguas-del-huesna-tengan-la-sede-social-y-fiscal-en-utrera\/#primaryimage","url":"https:\/\/www.utrera.org\/wp-content\/uploads\/2024\/06\/ayuntamiento_1.jpg","contentUrl":"https:\/\/www.utrera.org\/wp-content\/uploads\/2024\/06\/ayuntamiento_1.jpg","width":1195,"height":672,"caption":"Reuni\u00f3n de la Comisi\u00f3n Local de Patrimonio Hist\u00f3rico en el Ayuntamiento de Utrera"},{"@type":"BreadcrumbList","@id":"https:\/\/www.utrera.org\/el-alcalde-reclama-que-tanto-el-consorcio-como-la-empresa-aguas-del-huesna-tengan-la-sede-social-y-fiscal-en-utrera\/#breadcrumb","itemListElement":[{"@type":"ListItem","position":1,"name":"Inicio","item":"https:\/\/www.utrera.org\/"},{"@type":"ListItem","position":2,"name":"El alcalde reclama que, tanto el Consorcio como la empresa Aguas del Huesna, tengan la sede social y fiscal en Utrera"}]},{"@type":"WebSite","@id":"https:\/\/www.utrera.org\/#website","url":"https:\/\/www.utrera.org\/","name":"City Council of Utrera","description":"Web Municipal del Ayuntamiento de Utrera","potentialAction":[{"@type":"SearchAction","target":{"@type":"EntryPoint","urlTemplate":"https:\/\/www.utrera.org\/?s={search_term_string}"},"query-input":{"@type":"PropertyValueSpecification","valueRequired":true,"valueName":"search_term_string"}}],"inLanguage":"en-GB"},{"@type":"Person","@id":"https:\/\/www.utrera.org\/#\/schema\/person\/ccefc7beddeda3b8bd87568ed2c430f3","name":"City Council of Utrera","image":{"@type":"ImageObject","inLanguage":"en-GB","@id":"https:\/\/secure.gravatar.com\/avatar\/57deda82225288cb73f553ce474a7c7073645fd50ef152cdbd195d8ea699ac8b?s=96&d=mm&r=g","url":"https:\/\/secure.gravatar.com\/avatar\/57deda82225288cb73f553ce474a7c7073645fd50ef152cdbd195d8ea699ac8b?s=96&d=mm&r=g","contentUrl":"https:\/\/secure.gravatar.com\/avatar\/57deda82225288cb73f553ce474a7c7073645fd50ef152cdbd195d8ea699ac8b?s=96&d=mm&r=g","caption":"Ayuntamiento de Utrera"},"sameAs":["http:\/\/utrera.org"],"url":"https:\/\/www.utrera.org\/en\/author\/clopezprieto\/"}]}},"_links":{"self":[{"href":"https:\/\/www.utrera.org\/en\/wp-json\/wp\/v2\/posts\/53907","targetHints":{"allow":["GET"]}}],"collection":[{"href":"https:\/\/www.utrera.org\/en\/wp-json\/wp\/v2\/posts"}],"about":[{"href":"https:\/\/www.utrera.org\/en\/wp-json\/wp\/v2\/types\/post"}],"author":[{"embeddable":true,"href":"https:\/\/www.utrera.org\/en\/wp-json\/wp\/v2\/users\/14"}],"replies":[{"embeddable":true,"href":"https:\/\/www.utrera.org\/en\/wp-json\/wp\/v2\/comments?post=53907"}],"version-history":[{"count":1,"href":"https:\/\/www.utrera.org\/en\/wp-json\/wp\/v2\/posts\/53907\/revisions"}],"predecessor-version":[{"id":53909,"href":"https:\/\/www.utrera.org\/en\/wp-json\/wp\/v2\/posts\/53907\/revisions\/53909"}],"wp:featuredmedia":[{"embeddable":true,"href":"https:\/\/www.utrera.org\/en\/wp-json\/wp\/v2\/media\/53908"}],"wp:attachment":[{"href":"https:\/\/www.utrera.org\/en\/wp-json\/wp\/v2\/media?parent=53907"}],"wp:term":[{"taxonomy":"category","embeddable":true,"href":"https:\/\/www.utrera.org\/en\/wp-json\/wp\/v2\/categories?post=53907"},{"taxonomy":"post_tag","embeddable":true,"href":"https:\/\/www.utrera.org\/en\/wp-json\/wp\/v2\/tags?post=53907"}],"curies":[{"name":"wp","href":"https:\/\/api.w.org\/{rel}","templated":true}]}}